{"id":39196,"date":"2019-08-21T17:00:30","date_gmt":"2019-08-21T20:00:30","guid":{"rendered":"https:\/\/clickcarangola.com.br\/site\/?p=39196"},"modified":"2019-08-22T10:05:57","modified_gmt":"2019-08-22T13:05:57","slug":"pai-e-filho-ficam-feridos-em-acidente-na-estrada-de-sao-francisco-do-gloria","status":"publish","type":"post","link":"https:\/\/clickcarangola.com.br\/site\/21\/08\/2019\/pai-e-filho-ficam-feridos-em-acidente-na-estrada-de-sao-francisco-do-gloria\/","title":{"rendered":"Pai e filho ficam feridos em acidente na estrada de S\u00e3o Francisco do Gl\u00f3ria"},"content":{"rendered":"<p><img loading=\"lazy\" decoding=\"async\" class=\"alignleft size-full wp-image-39198\" src=\"https:\/\/clickcarangola.com.br\/site\/wp-content\/uploads\/2019\/08\/Pai-e-filho-ficam-feridos-01.jpeg\" alt=\"\" width=\"300\" height=\"226\" srcset=\"https:\/\/clickcarangola.com.br\/site\/wp-content\/uploads\/2019\/08\/Pai-e-filho-ficam-feridos-01.jpeg 600w, https:\/\/clickcarangola.com.br\/site\/wp-content\/uploads\/2019\/08\/Pai-e-filho-ficam-feridos-01-300x225.jpeg 300w, https:\/\/clickcarangola.com.br\/site\/wp-content\/uploads\/2019\/08\/Pai-e-filho-ficam-feridos-01-100x75.jpeg 100w\" sizes=\"auto, (max-width: 300px) 100vw, 300px\" \/>S\u00c3O FRANCISCO DO GL\u00d3RIA &#8211; Duas pessoas ficaram feridas em um acidente registrado nesta quarta-feira (21) na estrada que liga o munic\u00edpio de S\u00e3o Francisco do Gl\u00f3ria &#8211; a cerca de 40 km de Carangola, \u00e0 BR-116.<\/p>\n<p>Segundo informa\u00e7\u00f5es levantadas no local, o motorista perdeu o controle ap\u00f3s a barra de dire\u00e7\u00e3o da caminhonete ter quebrado. O ve\u00edculo saiu da pista e se chocou fortemente com uma \u00e1rvore.<!--more--><\/p>\n<p>Mesmo depois do acidente, o motorista conseguiu ligar para uma equipe do Servi\u00e7o de Atendimento M\u00f3vel de Urg\u00eancia\u00a0(SAMU\u00a0192)\u00a0e para o irm\u00e3o, que chegou antes da viatura, e levou o irm\u00e3o e sobrinho para o Hospital S\u00e3o Paulo (HSP), que reclamavam de diversas dores pelo corpo.<\/p>\n<p>De acordo com informa\u00e7\u00f5es de moradores que residem pr\u00f3ximo \u00e0 estrada, esse foi o segundo acidente no ano registrado no local.<\/p>\n<p><strong>Confira as imagens:<\/strong><\/p>\n<p><img loading=\"lazy\" decoding=\"async\" src=\"https:\/\/clickcarangola.com.br\/site\/wp-content\/uploads\/2019\/08\/Pai-e-filho-ficam-feridos-02.jpeg\" alt=\"\" width=\"400\" height=\"300\" \/><br \/>\n<img loading=\"lazy\" decoding=\"async\" src=\"https:\/\/clickcarangola.com.br\/site\/wp-content\/uploads\/2019\/08\/Pai-e-filho-ficam-feridos-03.jpeg\" alt=\"\" width=\"400\" height=\"300\" \/><br \/>\n<img loading=\"lazy\" decoding=\"async\" src=\"https:\/\/clickcarangola.com.br\/site\/wp-content\/uploads\/2019\/08\/Pai-e-filho-ficam-feridos-04.jpeg\" alt=\"\" width=\"400\" height=\"300\" \/><br \/>\n<img loading=\"lazy\" decoding=\"async\" src=\"https:\/\/clickcarangola.com.br\/site\/wp-content\/uploads\/2019\/08\/Pai-e-filho-ficam-feridos-05.jpeg\" alt=\"\" width=\"400\" height=\"300\" \/><br \/>\n<img loading=\"lazy\" decoding=\"async\" src=\"https:\/\/clickcarangola.com.br\/site\/wp-content\/uploads\/2019\/08\/Pai-e-filho-ficam-feridos-06.jpeg\" alt=\"\" width=\"400\" height=\"300\" \/><\/p>\n<p><strong>Por: Click Carangola<\/strong> | Com informa\u00e7\u00f5es Paulo Roberto e R\u00e1dio Muria\u00e9.<\/p>\n","protected":false},"excerpt":{"rendered":"<p>S\u00c3O FRANCISCO DO GL\u00d3RIA &#8211; Duas pessoas ficaram feridas em um acidente registrado nesta quarta-feira (21) na estrada que liga o munic\u00edpio de S\u00e3o Francisco do Gl\u00f3ria &#8211; a cerca de 40 km de Carangola, \u00e0 BR-116. Segundo informa\u00e7\u00f5es levantadas no local, o motorista perdeu o controle ap\u00f3s a barra de dire\u00e7\u00e3o da caminhonete ter [&hellip;]<\/p>\n","protected":false},"author":2,"featured_media":0,"comment_status":"open","ping_status":"open","sticky":false,"template":"","format":"standard","meta":{"footnotes":""},"categories":[55],"tags":[],"class_list":["post-39196","post","type-post","status-publish","format-standard","hentry","category-saofranciscodogloria-mg"],"_links":{"self":[{"href":"https:\/\/clickcarangola.com.br\/site\/wp-json\/wp\/v2\/posts\/39196","targetHints":{"allow":["GET"]}}],"collection":[{"href":"https:\/\/clickcarangola.com.br\/site\/wp-json\/wp\/v2\/posts"}],"about":[{"href":"https:\/\/clickcarangola.com.br\/site\/wp-json\/wp\/v2\/types\/post"}],"author":[{"embeddable":true,"href":"https:\/\/clickcarangola.com.br\/site\/wp-json\/wp\/v2\/users\/2"}],"replies":[{"embeddable":true,"href":"https:\/\/clickcarangola.com.br\/site\/wp-json\/wp\/v2\/comments?post=39196"}],"version-history":[{"count":6,"href":"https:\/\/clickcarangola.com.br\/site\/wp-json\/wp\/v2\/posts\/39196\/revisions"}],"predecessor-version":[{"id":39208,"href":"https:\/\/clickcarangola.com.br\/site\/wp-json\/wp\/v2\/posts\/39196\/revisions\/39208"}],"wp:attachment":[{"href":"https:\/\/clickcarangola.com.br\/site\/wp-json\/wp\/v2\/media?parent=39196"}],"wp:term":[{"taxonomy":"category","embeddable":true,"href":"https:\/\/clickcarangola.com.br\/site\/wp-json\/wp\/v2\/categories?post=39196"},{"taxonomy":"post_tag","embeddable":true,"href":"https:\/\/clickcarangola.com.br\/site\/wp-json\/wp\/v2\/tags?post=39196"}],"curies":[{"name":"wp","href":"https:\/\/api.w.org\/{rel}","templated":true}]}}