{"id":3923,"date":"2012-02-26T07:54:56","date_gmt":"2012-02-26T10:54:56","guid":{"rendered":"https:\/\/clickcarangola.com.br\/site\/?p=3923"},"modified":"2012-02-26T10:30:36","modified_gmt":"2012-02-26T13:30:36","slug":"homem-e-preso-em-sao-francisco-do-gloria-por-porte-ilegal-de-arma-de-fogo","status":"publish","type":"post","link":"https:\/\/clickcarangola.com.br\/site\/26\/02\/2012\/homem-e-preso-em-sao-francisco-do-gloria-por-porte-ilegal-de-arma-de-fogo\/","title":{"rendered":"Homem \u00e9 preso em S\u00e3o Francisco do Gl\u00f3ria por porte ilegal de arma de fogo"},"content":{"rendered":"<div style=\"text-align: justify;\">\n<p><span style=\"color: #888888;\"><img loading=\"lazy\" decoding=\"async\" class=\"alignleft\" src=\"https:\/\/www.radiomuriae.com.br\/admin\/am\/noticias\/fotos\/DSC05476.jpg\" alt=\"Homem \u00e9 preso em S\u00e3o Francisco do Gl\u00f3ria por porte ilegal de arma de fogo\" width=\"300\" height=\"226\" align=\"absMiddle\" \/>Um lavrador de 48 anos foi preso em flagrante, na noite de ontem (25), em S\u00e3o Francisco do Gl\u00f3ria, por porte ilegal de arma de fogo e tamb\u00e9m de uma arma branca. Ele foi abordado durante uma opera\u00e7\u00e3o de desarmamento da Pol\u00edcia Militar, que percorreu alguns bares da cidade realizando buscas.<\/span><\/p>\n<p><span style=\"color: #888888;\">No bolso direito da cal\u00e7a do homem foi encontrado um canivete de press\u00e3o e, entre as pernas, um rev\u00f3lver Taurus, calibre 32, com seis cartuchos intactos.<!--more--><\/span><\/p>\n<p><span style=\"color: #888888;\">Ele foi levado para a Delegacia, onde alegou estar carregando a arma, que possui h\u00e1 mais de quinze anos, por estar recebendo amea\u00e7as de morte. Com informa\u00e7\u00f5es da PM e R\u00e1dio Muria\u00e9.<\/span><\/p>\n<p><span style=\"color: #ff0000;\">Outras imagens:<\/span><\/p>\n<p><span style=\"color: #888888;\"><img loading=\"lazy\" decoding=\"async\" src=\"https:\/\/radiomuriae.com.br\/UserFiles\/DSC05464.JPG\" alt=\"\" width=\"300\" height=\"226\" \/><\/span><\/p>\n<p><strong><span style=\"color: #888888;\">Por: Click Carangola<\/span><\/strong><\/p>\n<\/div>\n","protected":false},"excerpt":{"rendered":"<p>Um lavrador de 48 anos foi preso em flagrante, na noite de ontem (25), em S\u00e3o Francisco do Gl\u00f3ria, por porte ilegal de arma de fogo e tamb\u00e9m de uma arma branca. Ele foi abordado durante uma opera\u00e7\u00e3o de desarmamento da Pol\u00edcia Militar, que percorreu alguns bares da cidade realizando buscas. No bolso direito da [&hellip;]<\/p>\n","protected":false},"author":2,"featured_media":0,"comment_status":"open","ping_status":"open","sticky":false,"template":"","format":"standard","meta":{"footnotes":""},"categories":[55],"tags":[],"class_list":["post-3923","post","type-post","status-publish","format-standard","hentry","category-saofranciscodogloria-mg"],"_links":{"self":[{"href":"https:\/\/clickcarangola.com.br\/site\/wp-json\/wp\/v2\/posts\/3923","targetHints":{"allow":["GET"]}}],"collection":[{"href":"https:\/\/clickcarangola.com.br\/site\/wp-json\/wp\/v2\/posts"}],"about":[{"href":"https:\/\/clickcarangola.com.br\/site\/wp-json\/wp\/v2\/types\/post"}],"author":[{"embeddable":true,"href":"https:\/\/clickcarangola.com.br\/site\/wp-json\/wp\/v2\/users\/2"}],"replies":[{"embeddable":true,"href":"https:\/\/clickcarangola.com.br\/site\/wp-json\/wp\/v2\/comments?post=3923"}],"version-history":[{"count":1,"href":"https:\/\/clickcarangola.com.br\/site\/wp-json\/wp\/v2\/posts\/3923\/revisions"}],"predecessor-version":[{"id":3924,"href":"https:\/\/clickcarangola.com.br\/site\/wp-json\/wp\/v2\/posts\/3923\/revisions\/3924"}],"wp:attachment":[{"href":"https:\/\/clickcarangola.com.br\/site\/wp-json\/wp\/v2\/media?parent=3923"}],"wp:term":[{"taxonomy":"category","embeddable":true,"href":"https:\/\/clickcarangola.com.br\/site\/wp-json\/wp\/v2\/categories?post=3923"},{"taxonomy":"post_tag","embeddable":true,"href":"https:\/\/clickcarangola.com.br\/site\/wp-json\/wp\/v2\/tags?post=3923"}],"curies":[{"name":"wp","href":"https:\/\/api.w.org\/{rel}","templated":true}]}}