{"id":39424,"date":"2019-09-16T08:00:28","date_gmt":"2019-09-16T11:00:28","guid":{"rendered":"https:\/\/clickcarangola.com.br\/site\/?p=39424"},"modified":"2019-09-17T08:59:19","modified_gmt":"2019-09-17T11:59:19","slug":"motorista-morre-apos-capotar-com-caminhao-carregado-de-baterias-na-br-116","status":"publish","type":"post","link":"https:\/\/clickcarangola.com.br\/site\/16\/09\/2019\/motorista-morre-apos-capotar-com-caminhao-carregado-de-baterias-na-br-116\/","title":{"rendered":"Motorista morre ap\u00f3s capotar com caminh\u00e3o carregado de baterias na BR-116"},"content":{"rendered":"<p><img loading=\"lazy\" decoding=\"async\" class=\"alignleft size-full wp-image-39429\" src=\"https:\/\/clickcarangola.com.br\/site\/wp-content\/uploads\/2019\/09\/Motorista-morre-na-116-01.jpeg\" alt=\"\" width=\"300\" height=\"226\" srcset=\"https:\/\/clickcarangola.com.br\/site\/wp-content\/uploads\/2019\/09\/Motorista-morre-na-116-01.jpeg 700w, https:\/\/clickcarangola.com.br\/site\/wp-content\/uploads\/2019\/09\/Motorista-morre-na-116-01-300x225.jpeg 300w, https:\/\/clickcarangola.com.br\/site\/wp-content\/uploads\/2019\/09\/Motorista-morre-na-116-01-100x75.jpeg 100w\" sizes=\"auto, (max-width: 300px) 100vw, 300px\" \/>FERVEDOURO \/ DIVINO &#8211; O motorista de um caminh\u00e3o carregado de baterias de autom\u00f3vel morreu, na manh\u00e3 desta segunda-feira (16), na BR-116, entre Fervedouro e Divino.<\/p>\n<p>De acordo com as primeiras informa\u00e7\u00f5es apuradas, o motorista perdeu o controle ao fazer uma curva muito conhecida pelo alto n\u00famero de acidentes registrados nos \u00faltimos anos e capotou numa ribanceira ao lado da rodovia.<!--more--><\/p>\n<p>Uma equipe do Corpo de Bombeiros (CB &#8211; 193) foi acionada, mas quando chegou ao local, a v\u00edtima j\u00e1 estava sem vida. Foi preciso a ajuda de um guincho, para retirar o corpo que estava entre as ferragens.<\/p>\n<p>A Pol\u00edcia Rodovi\u00e1ria Federal (PRF) esteve no local para auxiliar os trabalhos. N\u00e3o houve interdi\u00e7\u00e3o do tr\u00e2nsito. A per\u00edcia t\u00e9cnica da Pol\u00edcia Civil (PC) ir\u00e1 investigar as causas do acidente. A v\u00edtima, foi identificada como Jos\u00e9 Adolfo de Almeida, de 27 anos, oriundo do estado de Pernambuco.<\/p>\n<p><strong>Confira as imagens:<\/strong><\/p>\n<p><img loading=\"lazy\" decoding=\"async\" src=\"https:\/\/clickcarangola.com.br\/site\/wp-content\/uploads\/2019\/09\/Motorista-morre-na-116-02.jpeg\" alt=\"\" width=\"400\" height=\"300\" \/><br \/>\n<img loading=\"lazy\" decoding=\"async\" src=\"https:\/\/clickcarangola.com.br\/site\/wp-content\/uploads\/2019\/09\/Motorista-morre-na-116-03.jpeg\" alt=\"\" width=\"400\" height=\"300\" \/><br \/>\n<img loading=\"lazy\" decoding=\"async\" src=\"https:\/\/clickcarangola.com.br\/site\/wp-content\/uploads\/2019\/09\/Motorista-morre-na-116-04.jpeg\" alt=\"\" width=\"400\" height=\"300\" \/><br \/>\n<img loading=\"lazy\" decoding=\"async\" src=\"https:\/\/clickcarangola.com.br\/site\/wp-content\/uploads\/2019\/09\/Motorista-morre-na-116-05.jpeg\" alt=\"\" width=\"400\" height=\"300\" \/><br \/>\n<img loading=\"lazy\" decoding=\"async\" src=\"https:\/\/clickcarangola.com.br\/site\/wp-content\/uploads\/2019\/09\/Motorista-morre-na-116-06.jpeg\" alt=\"\" width=\"400\" height=\"300\" \/><br \/>\n<img loading=\"lazy\" decoding=\"async\" src=\"https:\/\/clickcarangola.com.br\/site\/wp-content\/uploads\/2019\/09\/Motorista-morre-na-116-07.jpeg\" alt=\"\" width=\"400\" height=\"300\" \/><br \/>\n<img loading=\"lazy\" decoding=\"async\" src=\"https:\/\/clickcarangola.com.br\/site\/wp-content\/uploads\/2019\/09\/Motorista-morre-na-116-08.jpeg\" alt=\"\" width=\"400\" height=\"300\" \/><\/p>\n<p><strong>Por: Click Carangola<\/strong> | Com informa\u00e7\u00f5es Paulo Roberto e R\u00e1dio Muria\u00e9.<\/p>\n","protected":false},"excerpt":{"rendered":"<p>FERVEDOURO \/ DIVINO &#8211; O motorista de um caminh\u00e3o carregado de baterias de autom\u00f3vel morreu, na manh\u00e3 desta segunda-feira (16), na BR-116, entre Fervedouro e Divino. De acordo com as primeiras informa\u00e7\u00f5es apuradas, o motorista perdeu o controle ao fazer uma curva muito conhecida pelo alto n\u00famero de acidentes registrados nos \u00faltimos anos e capotou [&hellip;]<\/p>\n","protected":false},"author":2,"featured_media":0,"comment_status":"open","ping_status":"open","sticky":false,"template":"","format":"standard","meta":{"footnotes":""},"categories":[43,47],"tags":[],"class_list":["post-39424","post","type-post","status-publish","format-standard","hentry","category-divino-mg","category-fervedouro-mg"],"_links":{"self":[{"href":"https:\/\/clickcarangola.com.br\/site\/wp-json\/wp\/v2\/posts\/39424","targetHints":{"allow":["GET"]}}],"collection":[{"href":"https:\/\/clickcarangola.com.br\/site\/wp-json\/wp\/v2\/posts"}],"about":[{"href":"https:\/\/clickcarangola.com.br\/site\/wp-json\/wp\/v2\/types\/post"}],"author":[{"embeddable":true,"href":"https:\/\/clickcarangola.com.br\/site\/wp-json\/wp\/v2\/users\/2"}],"replies":[{"embeddable":true,"href":"https:\/\/clickcarangola.com.br\/site\/wp-json\/wp\/v2\/comments?post=39424"}],"version-history":[{"count":7,"href":"https:\/\/clickcarangola.com.br\/site\/wp-json\/wp\/v2\/posts\/39424\/revisions"}],"predecessor-version":[{"id":39440,"href":"https:\/\/clickcarangola.com.br\/site\/wp-json\/wp\/v2\/posts\/39424\/revisions\/39440"}],"wp:attachment":[{"href":"https:\/\/clickcarangola.com.br\/site\/wp-json\/wp\/v2\/media?parent=39424"}],"wp:term":[{"taxonomy":"category","embeddable":true,"href":"https:\/\/clickcarangola.com.br\/site\/wp-json\/wp\/v2\/categories?post=39424"},{"taxonomy":"post_tag","embeddable":true,"href":"https:\/\/clickcarangola.com.br\/site\/wp-json\/wp\/v2\/tags?post=39424"}],"curies":[{"name":"wp","href":"https:\/\/api.w.org\/{rel}","templated":true}]}}