{"id":3952,"date":"2012-02-28T10:00:08","date_gmt":"2012-02-28T13:00:08","guid":{"rendered":"https:\/\/clickcarangola.com.br\/site\/?p=3952"},"modified":"2012-02-28T16:07:58","modified_gmt":"2012-02-28T19:07:58","slug":"vendedor-morre-em-acidente-de-moto-em-espera-feliz","status":"publish","type":"post","link":"https:\/\/clickcarangola.com.br\/site\/28\/02\/2012\/vendedor-morre-em-acidente-de-moto-em-espera-feliz\/","title":{"rendered":"Vendedor morre em acidente de moto em Espera Feliz"},"content":{"rendered":"<p style=\"text-align: justify;\"><span style=\"color: #888888;\"><img loading=\"lazy\" decoding=\"async\" class=\"alignleft\" src=\"https:\/\/clickcarangola.com.br\/site\/wp-content\/uploads\/2011\/09\/PM1.jpg\" alt=\"\" width=\"125\" height=\"125\" \/>O vendedor Ad\u00edlio R\u00fabio de Miranda, 24 anos, morreu num acidente de moto no trecho de estrada rural do C\u00f3rrego Quic\u00e9, em Espera Feliz, no in\u00edcio da noite desta segunda, 27.<\/span><\/p>\n<p style=\"text-align: justify;\"><span style=\"color: #888888;\">Condutor 02: Flavio Clemente Faria, 22 anos, Motorista, residente na Rua Erminio Nascimento, Copasa, Espera Feliz\/MG.<!--more--><\/span><\/p>\n<p style=\"text-align: justify;\"><span style=\"color: #888888;\">Segundo a ocorr\u00eancia, havia um trator estacionado no acostamento da estrada quando o \u00f4nibus da Via\u00e7\u00e3o Irm\u00e3os, conduzido por Fl\u00e1vio Clemente Faria, 22, se aproximou seguindo sentido a cidade de Capara\u00f3 e iniciou a ultrapassagem do trator. O rapaz da motocicleta, que seguia no sentido contr\u00e1rio, bateu de frente no ve\u00edculo.<\/span><\/p>\n<p style=\"text-align: justify;\"><span style=\"color: #888888;\">Moradores e o condutor do \u00f4nibus tentaram prestar socorro ao vendedor. O corpo ficou debaixo da parte dianteira do ve\u00edculo. Apesar da tentativa, o rapaz morreu no local.<\/span><\/p>\n<p style=\"text-align: justify;\"><span style=\"color: #888888;\">O motorista do \u00f4nibus, em estado de choque, foi socorrido ao Pronto Atendimento. Com informa\u00e7\u00f5es da PM e Portal Capara\u00f3.<\/span><\/p>\n<p style=\"text-align: justify;\"><strong><span style=\"color: #888888;\">Por: Click Carangola<\/span><\/strong><\/p>\n","protected":false},"excerpt":{"rendered":"<p>O vendedor Ad\u00edlio R\u00fabio de Miranda, 24 anos, morreu num acidente de moto no trecho de estrada rural do C\u00f3rrego Quic\u00e9, em Espera Feliz, no in\u00edcio da noite desta segunda, 27. Condutor 02: Flavio Clemente Faria, 22 anos, Motorista, residente na Rua Erminio Nascimento, Copasa, Espera Feliz\/MG.<\/p>\n","protected":false},"author":2,"featured_media":0,"comment_status":"open","ping_status":"open","sticky":false,"template":"","format":"standard","meta":{"footnotes":""},"categories":[45],"tags":[],"class_list":["post-3952","post","type-post","status-publish","format-standard","hentry","category-esperafeliz-mg"],"_links":{"self":[{"href":"https:\/\/clickcarangola.com.br\/site\/wp-json\/wp\/v2\/posts\/3952","targetHints":{"allow":["GET"]}}],"collection":[{"href":"https:\/\/clickcarangola.com.br\/site\/wp-json\/wp\/v2\/posts"}],"about":[{"href":"https:\/\/clickcarangola.com.br\/site\/wp-json\/wp\/v2\/types\/post"}],"author":[{"embeddable":true,"href":"https:\/\/clickcarangola.com.br\/site\/wp-json\/wp\/v2\/users\/2"}],"replies":[{"embeddable":true,"href":"https:\/\/clickcarangola.com.br\/site\/wp-json\/wp\/v2\/comments?post=3952"}],"version-history":[{"count":4,"href":"https:\/\/clickcarangola.com.br\/site\/wp-json\/wp\/v2\/posts\/3952\/revisions"}],"predecessor-version":[{"id":3955,"href":"https:\/\/clickcarangola.com.br\/site\/wp-json\/wp\/v2\/posts\/3952\/revisions\/3955"}],"wp:attachment":[{"href":"https:\/\/clickcarangola.com.br\/site\/wp-json\/wp\/v2\/media?parent=3952"}],"wp:term":[{"taxonomy":"category","embeddable":true,"href":"https:\/\/clickcarangola.com.br\/site\/wp-json\/wp\/v2\/categories?post=3952"},{"taxonomy":"post_tag","embeddable":true,"href":"https:\/\/clickcarangola.com.br\/site\/wp-json\/wp\/v2\/tags?post=3952"}],"curies":[{"name":"wp","href":"https:\/\/api.w.org\/{rel}","templated":true}]}}