{"id":39932,"date":"2019-11-01T22:00:13","date_gmt":"2019-11-02T01:00:13","guid":{"rendered":"https:\/\/clickcarangola.com.br\/site\/?p=39932"},"modified":"2019-11-02T15:28:56","modified_gmt":"2019-11-02T18:28:56","slug":"tragedia-duas-pessoas-morrem-e-uma-fica-gravemente-ferida-em-acidente-na-br-116","status":"publish","type":"post","link":"https:\/\/clickcarangola.com.br\/site\/01\/11\/2019\/tragedia-duas-pessoas-morrem-e-uma-fica-gravemente-ferida-em-acidente-na-br-116\/","title":{"rendered":"Trag\u00e9dia: Duas pessoas morrem e uma fica gravemente ferida em acidente na BR-116"},"content":{"rendered":"<p><img loading=\"lazy\" decoding=\"async\" class=\"alignleft size-full wp-image-39936\" src=\"https:\/\/clickcarangola.com.br\/site\/wp-content\/uploads\/2019\/11\/Duas-pessoas-morrem-01.jpg\" alt=\"\" width=\"300\" height=\"226\" srcset=\"https:\/\/clickcarangola.com.br\/site\/wp-content\/uploads\/2019\/11\/Duas-pessoas-morrem-01.jpg 600w, https:\/\/clickcarangola.com.br\/site\/wp-content\/uploads\/2019\/11\/Duas-pessoas-morrem-01-300x225.jpg 300w, https:\/\/clickcarangola.com.br\/site\/wp-content\/uploads\/2019\/11\/Duas-pessoas-morrem-01-100x75.jpg 100w\" sizes=\"auto, (max-width: 300px) 100vw, 300px\" \/>S\u00c3O FRANCISCO DO GL\u00d3RIA &#8211; Duas pessoas morreram e outra ficou ferida, em um grave acidente, ocorrido na tarde desta sexta-feira (1\u00ba), na BR-116, pr\u00f3ximo a S\u00e3o Francisco do Gl\u00f3ria &#8211; a 40 km de Carangola, envolvendo um carro de passeio e duas carretas.<\/p>\n<p>De acordo com as primeiras informa\u00e7\u00f5es apuradas pela reportagem, o casal que estava em um Fiat Uno, de cor branca, com placas de Divino-MG, morreu no local.<!--more--><\/p>\n<p>Uma passageira, que estava no banco de tr\u00e1s do carro, foi socorrida em estado grave por uma equipe do Servi\u00e7o de Atendimento M\u00f3vel de Urg\u00eancia (SAMU 192) e conduzida para o Hospital S\u00e3o Paulo (HSP), em Muria\u00e9.<\/p>\n<p>As v\u00edtimas s\u00e3o Fl\u00e1vio Rodrigues do Nascimento, de 62 anos e Elza da Fonseca Costa, de 42 anos. De acordo com o Sgto. Cassusse do Corpo de Bombeiros (CB), o motorista do ve\u00edculo, ao tentar uma ultrapassagem, sobre uma carreta, bateu em uma outra que vinha sentido contr\u00e1rio. Chovia muito na hora do acidente.<\/p>\n<p>A Pol\u00edcia Rodovi\u00e1ria Federal (PRF) foi acionada juntamente com a per\u00edcia t\u00e9cnica da Pol\u00edcia Civil (PC) para apurar as causas do acidente.<\/p>\n<p>Nesse momento, a pista na BR-116, pr\u00f3ximo o local do acidente, encontra-se parcialmente interditada. Os motoristas das carretas n\u00e3o se feriram.<\/p>\n<p><strong>Confira as imagens:<\/strong><\/p>\n<p><img loading=\"lazy\" decoding=\"async\" src=\"https:\/\/clickcarangola.com.br\/site\/wp-content\/uploads\/2019\/11\/Duas-pessoas-morrem-02.jpeg\" alt=\"\" width=\"400\" height=\"300\" \/><br \/>\n<img loading=\"lazy\" decoding=\"async\" src=\"https:\/\/clickcarangola.com.br\/site\/wp-content\/uploads\/2019\/11\/Duas-pessoas-morrem-03.jpeg\" alt=\"\" width=\"400\" height=\"300\" \/><br \/>\n<img loading=\"lazy\" decoding=\"async\" src=\"https:\/\/clickcarangola.com.br\/site\/wp-content\/uploads\/2019\/11\/Duas-pessoas-morrem-04.jpeg\" alt=\"\" width=\"400\" height=\"300\" \/><br \/>\n<img loading=\"lazy\" decoding=\"async\" src=\"https:\/\/clickcarangola.com.br\/site\/wp-content\/uploads\/2019\/11\/Duas-pessoas-morrem-05.jpeg\" alt=\"\" width=\"400\" height=\"300\" \/><br \/>\n<img loading=\"lazy\" decoding=\"async\" src=\"https:\/\/clickcarangola.com.br\/site\/wp-content\/uploads\/2019\/11\/Duas-pessoas-morrem-06.jpeg\" alt=\"\" width=\"400\" height=\"300\" \/><\/p>\n<p><strong>Por: Click Carangola<\/strong> | Com informa\u00e7\u00f5es Paulo Roberto e R\u00e1dio Muria\u00e9.<\/p>\n","protected":false},"excerpt":{"rendered":"<p>S\u00c3O FRANCISCO DO GL\u00d3RIA &#8211; Duas pessoas morreram e outra ficou ferida, em um grave acidente, ocorrido na tarde desta sexta-feira (1\u00ba), na BR-116, pr\u00f3ximo a S\u00e3o Francisco do Gl\u00f3ria &#8211; a 40 km de Carangola, envolvendo um carro de passeio e duas carretas. De acordo com as primeiras informa\u00e7\u00f5es apuradas pela reportagem, o casal [&hellip;]<\/p>\n","protected":false},"author":2,"featured_media":0,"comment_status":"open","ping_status":"open","sticky":false,"template":"","format":"standard","meta":{"footnotes":""},"categories":[55],"tags":[],"class_list":["post-39932","post","type-post","status-publish","format-standard","hentry","category-saofranciscodogloria-mg"],"_links":{"self":[{"href":"https:\/\/clickcarangola.com.br\/site\/wp-json\/wp\/v2\/posts\/39932","targetHints":{"allow":["GET"]}}],"collection":[{"href":"https:\/\/clickcarangola.com.br\/site\/wp-json\/wp\/v2\/posts"}],"about":[{"href":"https:\/\/clickcarangola.com.br\/site\/wp-json\/wp\/v2\/types\/post"}],"author":[{"embeddable":true,"href":"https:\/\/clickcarangola.com.br\/site\/wp-json\/wp\/v2\/users\/2"}],"replies":[{"embeddable":true,"href":"https:\/\/clickcarangola.com.br\/site\/wp-json\/wp\/v2\/comments?post=39932"}],"version-history":[{"count":9,"href":"https:\/\/clickcarangola.com.br\/site\/wp-json\/wp\/v2\/posts\/39932\/revisions"}],"predecessor-version":[{"id":39948,"href":"https:\/\/clickcarangola.com.br\/site\/wp-json\/wp\/v2\/posts\/39932\/revisions\/39948"}],"wp:attachment":[{"href":"https:\/\/clickcarangola.com.br\/site\/wp-json\/wp\/v2\/media?parent=39932"}],"wp:term":[{"taxonomy":"category","embeddable":true,"href":"https:\/\/clickcarangola.com.br\/site\/wp-json\/wp\/v2\/categories?post=39932"},{"taxonomy":"post_tag","embeddable":true,"href":"https:\/\/clickcarangola.com.br\/site\/wp-json\/wp\/v2\/tags?post=39932"}],"curies":[{"name":"wp","href":"https:\/\/api.w.org\/{rel}","templated":true}]}}