{"id":40243,"date":"2019-12-11T13:00:14","date_gmt":"2019-12-11T16:00:14","guid":{"rendered":"https:\/\/clickcarangola.com.br\/site\/?p=40243"},"modified":"2019-12-11T18:32:14","modified_gmt":"2019-12-11T21:32:14","slug":"duas-pessoas-morrem-apos-capotamento-na-br-116-chovia-na-hora-do-acidente","status":"publish","type":"post","link":"https:\/\/clickcarangola.com.br\/site\/11\/12\/2019\/duas-pessoas-morrem-apos-capotamento-na-br-116-chovia-na-hora-do-acidente\/","title":{"rendered":"Duas pessoas morrem ap\u00f3s capotamento na BR-116; chovia na hora do acidente"},"content":{"rendered":"<p><img loading=\"lazy\" decoding=\"async\" class=\"alignleft size-full wp-image-40245\" src=\"https:\/\/clickcarangola.com.br\/site\/wp-content\/uploads\/2019\/12\/Duas-pessoas-morrem-01.jpg\" alt=\"\" width=\"300\" height=\"226\" \/>FERVEDOURO &#8211; Duas pessoas morreram nesta quarta-feira (11), ap\u00f3s o ve\u00edculo com placas de S\u00e3o Bernardo do Campo-SP, capotar na BR 116, em um local conhecido como Graminha, entre Fervedouro e Divino &#8211; a cerca de 32 km de Carangola.<\/p>\n<p>Uma das v\u00edtimas foi identificada como Messias Silva de Oliveira. O nome da segunda v\u00edtima ainda n\u00e3o foi divulgado. De acordo com informa\u00e7\u00f5es apuradas no local, chovia muito na hora do acidente, o que pode ter ocasionado o capotamento.<!--more--><\/p>\n<p>As causas do acidente ainda est\u00e3o sendo apuradas, mas, \u00e0 princ\u00edpio, o motorista saiu da pista e caiu num barranco de aproximadamente 30 metros, chegando a uma estrada de terra pr\u00f3ximo a rodovia.<\/p>\n<p>A per\u00edcia da Pol\u00edcia Civil (PC) esteve no local realizando as primeiras investiga\u00e7\u00f5es. A Pol\u00edcia Rodovi\u00e1ria Federal (PRF) registrou o acidente. Os corpos foram conduzidos para o Instituto M\u00e9dico Legal (IML).<\/p>\n<p><strong>Confira as imagens:<\/strong><\/p>\n<p><img loading=\"lazy\" decoding=\"async\" src=\"https:\/\/clickcarangola.com.br\/site\/wp-content\/uploads\/2019\/12\/Duas-pessoas-morrem-02.jpg\" alt=\"\" width=\"400\" height=\"300\" \/><br \/>\n<img loading=\"lazy\" decoding=\"async\" src=\"https:\/\/clickcarangola.com.br\/site\/wp-content\/uploads\/2019\/12\/Duas-pessoas-morrem-03.jpg\" alt=\"\" width=\"400\" height=\"300\" \/><br \/>\n<img loading=\"lazy\" decoding=\"async\" src=\"https:\/\/clickcarangola.com.br\/site\/wp-content\/uploads\/2019\/12\/Duas-pessoas-morrem-04.jpg\" alt=\"\" width=\"400\" height=\"300\" \/><br \/>\n<img loading=\"lazy\" decoding=\"async\" src=\"https:\/\/clickcarangola.com.br\/site\/wp-content\/uploads\/2019\/12\/Duas-pessoas-morrem-05.jpg\" alt=\"\" width=\"400\" height=\"300\" \/><br \/>\n<img loading=\"lazy\" decoding=\"async\" src=\"https:\/\/clickcarangola.com.br\/site\/wp-content\/uploads\/2019\/12\/Duas-pessoas-morrem-06.jpg\" alt=\"\" width=\"400\" height=\"300\" \/><br \/>\n<img loading=\"lazy\" decoding=\"async\" src=\"https:\/\/clickcarangola.com.br\/site\/wp-content\/uploads\/2019\/12\/Duas-pessoas-morrem-07.jpg\" alt=\"\" width=\"400\" height=\"300\" \/><br \/>\n<img loading=\"lazy\" decoding=\"async\" src=\"https:\/\/clickcarangola.com.br\/site\/wp-content\/uploads\/2019\/12\/Duas-pessoas-morrem-08.jpg\" alt=\"\" width=\"400\" height=\"300\" \/><\/p>\n<p><strong>Por: Click Carangola<\/strong> | Com informa\u00e7\u00f5es Paulo Roberto e R\u00e1dio Muria\u00e9.<\/p>\n","protected":false},"excerpt":{"rendered":"<p>FERVEDOURO &#8211; Duas pessoas morreram nesta quarta-feira (11), ap\u00f3s o ve\u00edculo com placas de S\u00e3o Bernardo do Campo-SP, capotar na BR 116, em um local conhecido como Graminha, entre Fervedouro e Divino &#8211; a cerca de 32 km de Carangola. Uma das v\u00edtimas foi identificada como Messias Silva de Oliveira. O nome da segunda v\u00edtima [&hellip;]<\/p>\n","protected":false},"author":2,"featured_media":0,"comment_status":"open","ping_status":"open","sticky":false,"template":"","format":"standard","meta":{"footnotes":""},"categories":[47],"tags":[],"class_list":["post-40243","post","type-post","status-publish","format-standard","hentry","category-fervedouro-mg"],"_links":{"self":[{"href":"https:\/\/clickcarangola.com.br\/site\/wp-json\/wp\/v2\/posts\/40243","targetHints":{"allow":["GET"]}}],"collection":[{"href":"https:\/\/clickcarangola.com.br\/site\/wp-json\/wp\/v2\/posts"}],"about":[{"href":"https:\/\/clickcarangola.com.br\/site\/wp-json\/wp\/v2\/types\/post"}],"author":[{"embeddable":true,"href":"https:\/\/clickcarangola.com.br\/site\/wp-json\/wp\/v2\/users\/2"}],"replies":[{"embeddable":true,"href":"https:\/\/clickcarangola.com.br\/site\/wp-json\/wp\/v2\/comments?post=40243"}],"version-history":[{"count":5,"href":"https:\/\/clickcarangola.com.br\/site\/wp-json\/wp\/v2\/posts\/40243\/revisions"}],"predecessor-version":[{"id":40256,"href":"https:\/\/clickcarangola.com.br\/site\/wp-json\/wp\/v2\/posts\/40243\/revisions\/40256"}],"wp:attachment":[{"href":"https:\/\/clickcarangola.com.br\/site\/wp-json\/wp\/v2\/media?parent=40243"}],"wp:term":[{"taxonomy":"category","embeddable":true,"href":"https:\/\/clickcarangola.com.br\/site\/wp-json\/wp\/v2\/categories?post=40243"},{"taxonomy":"post_tag","embeddable":true,"href":"https:\/\/clickcarangola.com.br\/site\/wp-json\/wp\/v2\/tags?post=40243"}],"curies":[{"name":"wp","href":"https:\/\/api.w.org\/{rel}","templated":true}]}}