{"id":40857,"date":"2020-01-25T15:00:37","date_gmt":"2020-01-25T18:00:37","guid":{"rendered":"https:\/\/clickcarangola.com.br\/site\/?p=40857"},"modified":"2020-01-26T12:14:38","modified_gmt":"2020-01-26T15:14:38","slug":"dois-irmaos-morrem-durante-chuva-forte-em-alto-jequitiba-uma-idosa-tambem-morreu-soterrada","status":"publish","type":"post","link":"https:\/\/clickcarangola.com.br\/site\/25\/01\/2020\/dois-irmaos-morrem-durante-chuva-forte-em-alto-jequitiba-uma-idosa-tambem-morreu-soterrada\/","title":{"rendered":"Dois irm\u00e3os morrem durante chuva forte em Alto Jequitib\u00e1; uma idosa tamb\u00e9m morreu soterrada"},"content":{"rendered":"<p><img loading=\"lazy\" decoding=\"async\" class=\"alignleft size-full wp-image-40858\" src=\"https:\/\/clickcarangola.com.br\/site\/wp-content\/uploads\/2020\/01\/Tr\u00eas-irm\u00e3os-morrem-em-Alto-Jequitib\u00e1.jpeg\" alt=\"\" width=\"300\" height=\"226\" \/>ALTO JEQUITIB\u00c1 &#8211;\u00a0Dois irm\u00e3os, de 06 anos e 01 ano e 10 meses, morreram em decorr\u00eancia das fortes chuvas em\u00a0Alto Jequitib\u00e1, na Zona da Mata Mineira, nesta sexta-feira (24).<\/p>\n<p>O irm\u00e3o deles, Jo\u00e3o Vitor Fagundes Salim, de 11 anos, est\u00e1 internado em estado grave na Unidade de\u00a0Terapia Intensiva\u00a0(UTI) do Hospital C\u00e9sar Leite (HCL), em Manhua\u00e7u.<!--more--><\/p>\n<p>De acordo com o prefeito da cidade, que fica localizada a aprox. 48 km de Carangola, Marco Ant\u00f4nio Lopes (PTB), a casa onde estavam as crian\u00e7as foi arrastada pela correnteza. Os pais deles, que estavam na casa, sobreviveram ao desastre. Ainda, conforme Lopes, as tr\u00eas crian\u00e7as estavam em um quatro, e os pais em outro, quando a casa foi invadida pela chuva.\u00a0Eduardo, de 06 anos e Isadora, de 01 e 10 meses morreram soterrados.<\/p>\n<p><strong>Outra morte<\/strong><\/p>\n<p>Al\u00e9m das duas crian\u00e7as, uma idosa tamb\u00e9m morreu soterrada devido \u00e0s fortes chuvas que atingiram a cidade. Ela morava na regi\u00e3o central, que tamb\u00e9m foi devastada pela \u00e1gua.<\/p>\n<p>Segundo o prefeito, \u00e9 a primeira vez que esse tipo de trag\u00e9dia ocorre na cidade, e os danos ainda est\u00e3o sendo mensurados. &#8220;Nunca vi nada disso aqui, \u00e9 muita tristeza&#8221;, comenta.<\/p>\n<p>De acordo ele, a prioridade agora \u00e9 desobstruir estradas que levam \u00e0s comunidades rurais para resgatar fam\u00edlias ilhadas. &#8220;A prefeitura tem oferecido alimenta\u00e7\u00e3o e abrigo para as pessoas que est\u00e3o necessitadas&#8221;, diz.<\/p>\n<p>Lopes tamb\u00e9m informa que o estado de emerg\u00eancia j\u00e1 foi decretado. &#8220;O pr\u00f3ximo passo agora \u00e9 decretar estado de calamidade p\u00fablica, para conseguirmos mais recursos&#8221;, adianta.<\/p>\n<p><strong>Por: Click Carangola<\/strong> | Com informa\u00e7\u00f5es O Tempo.<\/p>\n","protected":false},"excerpt":{"rendered":"<p>ALTO JEQUITIB\u00c1 &#8211;\u00a0Dois irm\u00e3os, de 06 anos e 01 ano e 10 meses, morreram em decorr\u00eancia das fortes chuvas em\u00a0Alto Jequitib\u00e1, na Zona da Mata Mineira, nesta sexta-feira (24). O irm\u00e3o deles, Jo\u00e3o Vitor Fagundes Salim, de 11 anos, est\u00e1 internado em estado grave na Unidade de\u00a0Terapia Intensiva\u00a0(UTI) do Hospital C\u00e9sar Leite (HCL), em Manhua\u00e7u.<\/p>\n","protected":false},"author":2,"featured_media":0,"comment_status":"open","ping_status":"open","sticky":false,"template":"","format":"standard","meta":{"footnotes":""},"categories":[40],"tags":[],"class_list":["post-40857","post","type-post","status-publish","format-standard","hentry","category-altojequitiba-mg"],"_links":{"self":[{"href":"https:\/\/clickcarangola.com.br\/site\/wp-json\/wp\/v2\/posts\/40857","targetHints":{"allow":["GET"]}}],"collection":[{"href":"https:\/\/clickcarangola.com.br\/site\/wp-json\/wp\/v2\/posts"}],"about":[{"href":"https:\/\/clickcarangola.com.br\/site\/wp-json\/wp\/v2\/types\/post"}],"author":[{"embeddable":true,"href":"https:\/\/clickcarangola.com.br\/site\/wp-json\/wp\/v2\/users\/2"}],"replies":[{"embeddable":true,"href":"https:\/\/clickcarangola.com.br\/site\/wp-json\/wp\/v2\/comments?post=40857"}],"version-history":[{"count":9,"href":"https:\/\/clickcarangola.com.br\/site\/wp-json\/wp\/v2\/posts\/40857\/revisions"}],"predecessor-version":[{"id":40860,"href":"https:\/\/clickcarangola.com.br\/site\/wp-json\/wp\/v2\/posts\/40857\/revisions\/40860"}],"wp:attachment":[{"href":"https:\/\/clickcarangola.com.br\/site\/wp-json\/wp\/v2\/media?parent=40857"}],"wp:term":[{"taxonomy":"category","embeddable":true,"href":"https:\/\/clickcarangola.com.br\/site\/wp-json\/wp\/v2\/categories?post=40857"},{"taxonomy":"post_tag","embeddable":true,"href":"https:\/\/clickcarangola.com.br\/site\/wp-json\/wp\/v2\/tags?post=40857"}],"curies":[{"name":"wp","href":"https:\/\/api.w.org\/{rel}","templated":true}]}}