{"id":40931,"date":"2020-01-28T18:00:05","date_gmt":"2020-01-28T21:00:05","guid":{"rendered":"https:\/\/clickcarangola.com.br\/site\/?p=40931"},"modified":"2020-01-30T10:18:59","modified_gmt":"2020-01-30T13:18:59","slug":"menino-de-11-anos-que-sobreviveu-a-chuva-em-alto-jequitiba-tem-melhora-significativa","status":"publish","type":"post","link":"https:\/\/clickcarangola.com.br\/site\/28\/01\/2020\/menino-de-11-anos-que-sobreviveu-a-chuva-em-alto-jequitiba-tem-melhora-significativa\/","title":{"rendered":"Menino de 11 anos que sobreviveu \u00e0 chuva em Alto Jequitib\u00e1 tem &#8216;melhora significativa&#8217;"},"content":{"rendered":"<p><img loading=\"lazy\" decoding=\"async\" class=\"alignleft size-full wp-image-40934\" src=\"https:\/\/clickcarangola.com.br\/site\/wp-content\/uploads\/2020\/01\/Menino-de-11-anos.jpeg\" alt=\"\" width=\"300\" height=\"226\" \/>ALTO JEQUITIB\u00c1 &#8211; O menino Jo\u00e3o Vitor Fagundes Salim, de 11 anos, que foi arrastado por uma correnteza junto com os irm\u00e3os Eduardo, de 06 anos, e Isadora, de 01 ano e 10 meses, teve uma melhora significativa nesta ter\u00e7a-feira (28) e, mesmo sem falar, est\u00e1 consciente e j\u00e1 responde com sinais.<\/p>\n<p>A informa\u00e7\u00e3o foi passada pelo Secret\u00e1rio Municipal de Sa\u00fade de Alto Jequitib\u00e1 &#8211; a aprox. 48 km de Carangola, L\u00e9o Saviano Ribeiro Almeida, que conversou com os pais de Jo\u00e3o Vitor \u00e0s 14h52min desta ter\u00e7a. Segundo ele, o menino ainda sente dores muito fortes, mas, apresenta evolu\u00e7\u00e3o.<!--more--><\/p>\n<p>Jo\u00e3o Vitor ficou preso em uma cerca de arame depois que a casa onde ele e os irm\u00e3os estavam ter sido arrastada por uma tromba d&#8217;\u00e1gua na \u00faltima sexta-feira (24). Eduardo e Isadora morreram.<\/p>\n<p>O menino que sobreviveu foi transferido do Hospital C\u00e9sar Leite (HCL) de Manhua\u00e7u-MG, onde estava internado, para o Hospital Jo\u00e3o XXIII em Belo Horizonte. Os pais, que estavam na casa e se salvaram, viajaram para acompanhar Jo\u00e3o Vitor na unidade de sa\u00fade.<\/p>\n<p><strong>Por: Click Carangola<\/strong> | Com informa\u00e7\u00f5es O Tempo.<\/p>\n","protected":false},"excerpt":{"rendered":"<p>ALTO JEQUITIB\u00c1 &#8211; O menino Jo\u00e3o Vitor Fagundes Salim, de 11 anos, que foi arrastado por uma correnteza junto com os irm\u00e3os Eduardo, de 06 anos, e Isadora, de 01 ano e 10 meses, teve uma melhora significativa nesta ter\u00e7a-feira (28) e, mesmo sem falar, est\u00e1 consciente e j\u00e1 responde com sinais. A informa\u00e7\u00e3o foi [&hellip;]<\/p>\n","protected":false},"author":2,"featured_media":0,"comment_status":"open","ping_status":"open","sticky":false,"template":"","format":"standard","meta":{"footnotes":""},"categories":[40,1],"tags":[],"class_list":["post-40931","post","type-post","status-publish","format-standard","hentry","category-altojequitiba-mg","category-regional"],"_links":{"self":[{"href":"https:\/\/clickcarangola.com.br\/site\/wp-json\/wp\/v2\/posts\/40931","targetHints":{"allow":["GET"]}}],"collection":[{"href":"https:\/\/clickcarangola.com.br\/site\/wp-json\/wp\/v2\/posts"}],"about":[{"href":"https:\/\/clickcarangola.com.br\/site\/wp-json\/wp\/v2\/types\/post"}],"author":[{"embeddable":true,"href":"https:\/\/clickcarangola.com.br\/site\/wp-json\/wp\/v2\/users\/2"}],"replies":[{"embeddable":true,"href":"https:\/\/clickcarangola.com.br\/site\/wp-json\/wp\/v2\/comments?post=40931"}],"version-history":[{"count":8,"href":"https:\/\/clickcarangola.com.br\/site\/wp-json\/wp\/v2\/posts\/40931\/revisions"}],"predecessor-version":[{"id":40940,"href":"https:\/\/clickcarangola.com.br\/site\/wp-json\/wp\/v2\/posts\/40931\/revisions\/40940"}],"wp:attachment":[{"href":"https:\/\/clickcarangola.com.br\/site\/wp-json\/wp\/v2\/media?parent=40931"}],"wp:term":[{"taxonomy":"category","embeddable":true,"href":"https:\/\/clickcarangola.com.br\/site\/wp-json\/wp\/v2\/categories?post=40931"},{"taxonomy":"post_tag","embeddable":true,"href":"https:\/\/clickcarangola.com.br\/site\/wp-json\/wp\/v2\/tags?post=40931"}],"curies":[{"name":"wp","href":"https:\/\/api.w.org\/{rel}","templated":true}]}}