{"id":41135,"date":"2020-02-13T08:00:31","date_gmt":"2020-02-13T11:00:31","guid":{"rendered":"https:\/\/clickcarangola.com.br\/site\/?p=41135"},"modified":"2020-02-14T11:53:03","modified_gmt":"2020-02-14T14:53:03","slug":"filha-de-agricultor-que-teve-roca-cultivada-por-vizinhos-faz-transplante-de-coracao","status":"publish","type":"post","link":"https:\/\/clickcarangola.com.br\/site\/13\/02\/2020\/filha-de-agricultor-que-teve-roca-cultivada-por-vizinhos-faz-transplante-de-coracao\/","title":{"rendered":"Filha de agricultor que teve ro\u00e7a cultivada por vizinhos faz transplante de cora\u00e7\u00e3o"},"content":{"rendered":"<p><img loading=\"lazy\" decoding=\"async\" class=\"alignleft size-full wp-image-41138\" src=\"https:\/\/clickcarangola.com.br\/site\/wp-content\/uploads\/2020\/02\/Filha-de-agricultor-01.jpg\" alt=\"\" width=\"300\" height=\"226\" \/>ALTO JEQUITIB\u00c1 &#8211; Depois de largar a ro\u00e7a de 12 mil p\u00e9s de caf\u00e9 em Alto Jequitib\u00e1 &#8211; cidade localizada a aprox. 48 km de Carangola, para cuidar das duas filhas que t\u00eam problemas no cora\u00e7\u00e3o em Belo Horizonte, o casal Adauto e Josiane alcan\u00e7ou uma grande vit\u00f3ria.<\/p>\n<p>Larissa, a filha mais velha, de 13 anos, fez o transplante de cora\u00e7\u00e3o e recebeu alta m\u00e9dica na semana passada. Segundo os m\u00e9dicos, a chance de sobrevida de Larissa era muito pequena.<!--more--><\/p>\n<p>O transplante foi complicado e a recupera\u00e7\u00e3o durou quase um m\u00eas no hospital, entre idas e vindas ao Centro de Terapia Intensiva (CTI), mas, felizmente, a menina apresentou sinais de melhora e recebeu alta m\u00e9dica.<\/p>\n<p>&#8220;Eu tenho muito que agradecer primeiramente a Deus pela vit\u00f3ria que ele nos deu de acontecer esse milagre na vida dela, que at\u00e9 os m\u00e9dicos falam que foi um milagre o que aconteceu com ela&#8221;, disse seu Adauto.<\/p>\n<p>Como a fam\u00edlia teve que deixar tudo pra tr\u00e1s pra buscar tratamento para as filhas em BH, os vizinhos se reuniram e promoveram um mutir\u00e3o para n\u00e3o deixar perder a safra.<\/p>\n<p>A atitude bonita da comunidade ganhou repercuss\u00e3o e o problema das filhas de Adauto e Josiane ganhou visibilidade.<\/p>\n<p>N\u00e3o bastasse toda a situa\u00e7\u00e3o delicada de Larissa, os pais tamb\u00e9m tiveram que se desdobrar para cuidar tamb\u00e9m de Andressa, a filha mais nova, de 07 anos. Andressa iniciou o tratamento em setembro do ano passado. &#8220;A gente quer evitar que ela chegue no est\u00e1gio do que aconteceu com a Larissa&#8221;, disse Adauto.<\/p>\n<p>As duas irm\u00e3s t\u00eam miocardiopatia dilatada, uma doen\u00e7a no m\u00fasculo do cora\u00e7\u00e3o que impede o bombeamento de sangue para o corpo, causando arritmias e outras complica\u00e7\u00f5es. Elas t\u00eam ainda uma miopatia cong\u00eanita, que provoca fraqueza nos m\u00fasculos.<\/p>\n<p>Larissa teve um diagn\u00f3stico tardio, o que complicou a situa\u00e7\u00e3o. Depois do transplante, ela vai ter que ficar em Belo Horizonte para se recuperar e receber acompanhamento. Ela est\u00e1 sem andar, por enquanto, e faz fisioterapia para recuperar o movimento das pernas.<\/p>\n<p><strong>Fam\u00edlia deve passar seis meses longe da lavoura<\/strong><\/p>\n<p>A fam\u00edlia est\u00e1 na casa de parentes em Belo Horizonte e a previs\u00e3o \u00e9 que Larissa tenha que permanecer na cidade por seis meses. Com isso, seu Adauto n\u00e3o pode voltar para o campo para cuidar da ro\u00e7a e garantir o \u00fanico meio de sustento da fam\u00edlia.<\/p>\n<p>A colheita do caf\u00e9 come\u00e7a em maio e, no momento, s\u00e3o os vizinhos que est\u00e3o cuidando da lavoura. Mas, com todos os gastos do tratamento das filhas, a fam\u00edlia depende da ajuda de familiares e amigos para seguir firme.<\/p>\n<p>&#8220;Ent\u00e3o eu tenho s\u00f3 que agradecer a Deus e todos aqueles que est\u00e3o nos ajudando, meu muito obrigado!&#8221;, disse Adauto.<\/p>\n<p><strong>Confira as imagens:<\/strong><\/p>\n<p><img loading=\"lazy\" decoding=\"async\" src=\"https:\/\/clickcarangola.com.br\/site\/wp-content\/uploads\/2020\/02\/Filha-de-agricultor-02.jpg\" alt=\"\" width=\"400\" height=\"300\" \/><\/p>\n<p><strong>Por: Click Carangola<\/strong> | Com informa\u00e7\u00f5es Raz\u00f5es Para Acreditar.<\/p>\n","protected":false},"excerpt":{"rendered":"<p>ALTO JEQUITIB\u00c1 &#8211; Depois de largar a ro\u00e7a de 12 mil p\u00e9s de caf\u00e9 em Alto Jequitib\u00e1 &#8211; cidade localizada a aprox. 48 km de Carangola, para cuidar das duas filhas que t\u00eam problemas no cora\u00e7\u00e3o em Belo Horizonte, o casal Adauto e Josiane alcan\u00e7ou uma grande vit\u00f3ria. Larissa, a filha mais velha, de 13 [&hellip;]<\/p>\n","protected":false},"author":2,"featured_media":0,"comment_status":"open","ping_status":"open","sticky":false,"template":"","format":"standard","meta":{"footnotes":""},"categories":[40],"tags":[],"class_list":["post-41135","post","type-post","status-publish","format-standard","hentry","category-altojequitiba-mg"],"_links":{"self":[{"href":"https:\/\/clickcarangola.com.br\/site\/wp-json\/wp\/v2\/posts\/41135","targetHints":{"allow":["GET"]}}],"collection":[{"href":"https:\/\/clickcarangola.com.br\/site\/wp-json\/wp\/v2\/posts"}],"about":[{"href":"https:\/\/clickcarangola.com.br\/site\/wp-json\/wp\/v2\/types\/post"}],"author":[{"embeddable":true,"href":"https:\/\/clickcarangola.com.br\/site\/wp-json\/wp\/v2\/users\/2"}],"replies":[{"embeddable":true,"href":"https:\/\/clickcarangola.com.br\/site\/wp-json\/wp\/v2\/comments?post=41135"}],"version-history":[{"count":5,"href":"https:\/\/clickcarangola.com.br\/site\/wp-json\/wp\/v2\/posts\/41135\/revisions"}],"predecessor-version":[{"id":41142,"href":"https:\/\/clickcarangola.com.br\/site\/wp-json\/wp\/v2\/posts\/41135\/revisions\/41142"}],"wp:attachment":[{"href":"https:\/\/clickcarangola.com.br\/site\/wp-json\/wp\/v2\/media?parent=41135"}],"wp:term":[{"taxonomy":"category","embeddable":true,"href":"https:\/\/clickcarangola.com.br\/site\/wp-json\/wp\/v2\/categories?post=41135"},{"taxonomy":"post_tag","embeddable":true,"href":"https:\/\/clickcarangola.com.br\/site\/wp-json\/wp\/v2\/tags?post=41135"}],"curies":[{"name":"wp","href":"https:\/\/api.w.org\/{rel}","templated":true}]}}