{"id":4125,"date":"2012-03-09T09:36:34","date_gmt":"2012-03-09T12:36:34","guid":{"rendered":"https:\/\/clickcarangola.com.br\/site\/?p=4125"},"modified":"2012-03-09T12:07:20","modified_gmt":"2012-03-09T15:07:20","slug":"minas-ao-luar-acontece-neste-sabado-em-carangola","status":"publish","type":"post","link":"https:\/\/clickcarangola.com.br\/site\/09\/03\/2012\/minas-ao-luar-acontece-neste-sabado-em-carangola\/","title":{"rendered":"Minas ao Luar acontece neste s\u00e1bado em Carangola"},"content":{"rendered":"<p style=\"text-align: justify;\"><span style=\"color: #888888;\"><img loading=\"lazy\" decoding=\"async\" class=\"alignleft\" src=\"https:\/\/www.sescmg.com.br\/Cmi\/Media.aspx?218\" border=\"0\" alt=\"\" width=\"300\" height=\"226\" \/>O SESC Minas com o apoio da Prefeitura Municipal de Carangola apresenta neste s\u00e1bado (10\/03), o espet\u00e1culo\u00a0&#8220;Minas ao Luar&#8221;.<\/span><\/p>\n<p style=\"text-align: justify;\"><span style=\"color: #888888;\">O projeto musical busca o resgate e o incentivo da tradi\u00e7\u00e3o seresteira em todo o Estado, embalando as noites mineiras e leva aos mais diversos munic\u00edpios, eventos de qualidade e bom gosto. O Minas ao Luar conta com o apoio da\u00a0Rede Globo Minas.<!--more--><\/span><\/p>\n<div style=\"text-align: justify;\"><span style=\"color: #888888;\">\u00a0<\/span><\/div>\n<div style=\"text-align: justify;\"><span style=\"color: #888888;\">O\u00a0projeto ser\u00e1 realizado\u00a0em Carangola, na Pra\u00e7a Coronel Maximiano a partir das 20:30 hs.<\/span><\/div>\n<div style=\"text-align: justify;\"><span style=\"color: #888888;\">\u00a0<\/span><\/div>\n<div style=\"text-align: justify;\"><strong><span style=\"color: #888888;\">Por: Click Carangola<\/span><\/strong><\/div>\n<div style=\"text-align: justify;\"><strong><span style=\"color: #888888;\">\u00a0<\/span><\/strong><\/div>\n","protected":false},"excerpt":{"rendered":"<p>O SESC Minas com o apoio da Prefeitura Municipal de Carangola apresenta neste s\u00e1bado (10\/03), o espet\u00e1culo\u00a0&#8220;Minas ao Luar&#8221;. O projeto musical busca o resgate e o incentivo da tradi\u00e7\u00e3o seresteira em todo o Estado, embalando as noites mineiras e leva aos mais diversos munic\u00edpios, eventos de qualidade e bom gosto. O Minas ao Luar [&hellip;]<\/p>\n","protected":false},"author":2,"featured_media":0,"comment_status":"open","ping_status":"open","sticky":false,"template":"","format":"standard","meta":{"footnotes":""},"categories":[37],"tags":[],"class_list":["post-4125","post","type-post","status-publish","format-standard","hentry","category-carangola-mg"],"_links":{"self":[{"href":"https:\/\/clickcarangola.com.br\/site\/wp-json\/wp\/v2\/posts\/4125","targetHints":{"allow":["GET"]}}],"collection":[{"href":"https:\/\/clickcarangola.com.br\/site\/wp-json\/wp\/v2\/posts"}],"about":[{"href":"https:\/\/clickcarangola.com.br\/site\/wp-json\/wp\/v2\/types\/post"}],"author":[{"embeddable":true,"href":"https:\/\/clickcarangola.com.br\/site\/wp-json\/wp\/v2\/users\/2"}],"replies":[{"embeddable":true,"href":"https:\/\/clickcarangola.com.br\/site\/wp-json\/wp\/v2\/comments?post=4125"}],"version-history":[{"count":9,"href":"https:\/\/clickcarangola.com.br\/site\/wp-json\/wp\/v2\/posts\/4125\/revisions"}],"predecessor-version":[{"id":4127,"href":"https:\/\/clickcarangola.com.br\/site\/wp-json\/wp\/v2\/posts\/4125\/revisions\/4127"}],"wp:attachment":[{"href":"https:\/\/clickcarangola.com.br\/site\/wp-json\/wp\/v2\/media?parent=4125"}],"wp:term":[{"taxonomy":"category","embeddable":true,"href":"https:\/\/clickcarangola.com.br\/site\/wp-json\/wp\/v2\/categories?post=4125"},{"taxonomy":"post_tag","embeddable":true,"href":"https:\/\/clickcarangola.com.br\/site\/wp-json\/wp\/v2\/tags?post=4125"}],"curies":[{"name":"wp","href":"https:\/\/api.w.org\/{rel}","templated":true}]}}