{"id":4147,"date":"2012-03-10T10:50:31","date_gmt":"2012-03-10T13:50:31","guid":{"rendered":"https:\/\/clickcarangola.com.br\/site\/?p=4147"},"modified":"2012-03-10T11:01:44","modified_gmt":"2012-03-10T14:01:44","slug":"saude-publica-de-divino-continua-entre-as-100-melhores-do-pais","status":"publish","type":"post","link":"https:\/\/clickcarangola.com.br\/site\/10\/03\/2012\/saude-publica-de-divino-continua-entre-as-100-melhores-do-pais\/","title":{"rendered":"Sa\u00fade p\u00fablica de Divino continua entre as 100 melhores do pa\u00eds"},"content":{"rendered":"<p style=\"text-align: justify;\"><img loading=\"lazy\" decoding=\"async\" class=\"alignleft\" src=\"https:\/\/www.jornalocampeao.com\/images\/stories\/0012%20%20-%20%20a%20logusa51a001aaba01a1aaba1a1aababa1a.jpg\" border=\"0\" alt=\"\" width=\"300\" height=\"226\" \/><\/p>\n<p style=\"text-align: justify;\"><span style=\"color: #888888;\">A Secretaria Municipal de Sa\u00fade da cidade de Divino (MG)\u00a0na Zona da Mata Mineira, receber\u00e1 novamente o Pr\u00eamio Qualidade e Excel\u00eancia na Sa\u00fade. O evento ser\u00e1 realizado em Florian\u00f3polis, Santa Catarina, entre os dias 15 a 18 de mar\u00e7o.<\/span><\/p>\n<p style=\"text-align: justify;\"><span style=\"color: #888888;\">Um balan\u00e7o, feito no ano passado, avalia positivamente mudan\u00e7as em todos os setores da sa\u00fade. O divinense passou a ter mais assist\u00eancia nos cuidados com a sa\u00fade.<!--more--><\/span><\/p>\n<p style=\"text-align: justify;\"><span style=\"color: #888888;\">O Prefeito Jos\u00e9 Costa e sua equipe de governo, mant\u00eam\u00a0 a valoriza\u00e7\u00e3o dos profissionais da \u00e1rea, incentivando e promovendo a elabora\u00e7\u00e3o de projetos, que visam o pleno desenvolvimento da sa\u00fade em diversos n\u00edveis e a integra\u00e7\u00e3o do poder p\u00fablico referente a qualidade de\u00a0vida da popula\u00e7\u00e3o.<\/span><\/p>\n<p style=\"text-align: justify;\"><span style=\"color: #888888;\">O desafio de mudar a realidade da sa\u00fade p\u00fablica no munic\u00edpio, teve in\u00edcio no primeiro ano da administra\u00e7\u00e3o em 2009. Desde ent\u00e3o,\u00a0muito vem sendo feito.\u00a0<\/span><\/p>\n<p style=\"text-align: justify;\"><span style=\"color: #888888;\">O Pr\u00eamio Qualidade e Excel\u00eancia na Sa\u00fade P\u00fablica,\u00a0conquistado com garra, dedica\u00e7\u00e3o e muita responsabilidade,\u00a0\u00e9 o reconhecimento do esfor\u00e7o de toda\u00a0a equipe da sa\u00fade de Divino. Com informa\u00e7\u00f5es do jornal O Campe\u00e3o.<\/span><\/p>\n<p><img loading=\"lazy\" decoding=\"async\" src=\"https:\/\/www.jornalocampeao.com\/images\/stories\/0012%20%20-%20%20a%20logusa51a001aaba01a1aaba1a1aababa1ab.jpg\" border=\"0\" alt=\"\" width=\"300\" height=\"226\" \/><\/p>\n<p style=\"text-align: justify;\"><strong><span style=\"color: #888888;\">Por: Click Carangola<\/span><\/strong><\/p>\n","protected":false},"excerpt":{"rendered":"<p>A Secretaria Municipal de Sa\u00fade da cidade de Divino (MG)\u00a0na Zona da Mata Mineira, receber\u00e1 novamente o Pr\u00eamio Qualidade e Excel\u00eancia na Sa\u00fade. O evento ser\u00e1 realizado em Florian\u00f3polis, Santa Catarina, entre os dias 15 a 18 de mar\u00e7o. Um balan\u00e7o, feito no ano passado, avalia positivamente mudan\u00e7as em todos os setores da sa\u00fade. O [&hellip;]<\/p>\n","protected":false},"author":2,"featured_media":0,"comment_status":"open","ping_status":"open","sticky":false,"template":"","format":"standard","meta":{"footnotes":""},"categories":[43],"tags":[],"class_list":["post-4147","post","type-post","status-publish","format-standard","hentry","category-divino-mg"],"_links":{"self":[{"href":"https:\/\/clickcarangola.com.br\/site\/wp-json\/wp\/v2\/posts\/4147","targetHints":{"allow":["GET"]}}],"collection":[{"href":"https:\/\/clickcarangola.com.br\/site\/wp-json\/wp\/v2\/posts"}],"about":[{"href":"https:\/\/clickcarangola.com.br\/site\/wp-json\/wp\/v2\/types\/post"}],"author":[{"embeddable":true,"href":"https:\/\/clickcarangola.com.br\/site\/wp-json\/wp\/v2\/users\/2"}],"replies":[{"embeddable":true,"href":"https:\/\/clickcarangola.com.br\/site\/wp-json\/wp\/v2\/comments?post=4147"}],"version-history":[{"count":7,"href":"https:\/\/clickcarangola.com.br\/site\/wp-json\/wp\/v2\/posts\/4147\/revisions"}],"predecessor-version":[{"id":4149,"href":"https:\/\/clickcarangola.com.br\/site\/wp-json\/wp\/v2\/posts\/4147\/revisions\/4149"}],"wp:attachment":[{"href":"https:\/\/clickcarangola.com.br\/site\/wp-json\/wp\/v2\/media?parent=4147"}],"wp:term":[{"taxonomy":"category","embeddable":true,"href":"https:\/\/clickcarangola.com.br\/site\/wp-json\/wp\/v2\/categories?post=4147"},{"taxonomy":"post_tag","embeddable":true,"href":"https:\/\/clickcarangola.com.br\/site\/wp-json\/wp\/v2\/tags?post=4147"}],"curies":[{"name":"wp","href":"https:\/\/api.w.org\/{rel}","templated":true}]}}