{"id":4155,"date":"2012-03-10T11:28:39","date_gmt":"2012-03-10T14:28:39","guid":{"rendered":"https:\/\/clickcarangola.com.br\/site\/?p=4155"},"modified":"2012-03-10T11:39:40","modified_gmt":"2012-03-10T14:39:40","slug":"carangola-recebe-o-projeto-minas-ao-luar","status":"publish","type":"post","link":"https:\/\/clickcarangola.com.br\/site\/10\/03\/2012\/carangola-recebe-o-projeto-minas-ao-luar\/","title":{"rendered":"Carangola recebe o projeto Minas ao Luar"},"content":{"rendered":"<div>\n<p style=\"text-align: justify;\"><span style=\"color: #888888;\"><img loading=\"lazy\" decoding=\"async\" class=\"alignleft\" src=\"https:\/\/2.bp.blogspot.com\/-Jv3DVIs2Vso\/T03zt7a9mkI\/AAAAAAABijo\/kwi1DKX9NhU\/s1600\/minas_ao_luar.jpg\" border=\"0\" alt=\"\" width=\"300\" height=\"226\" \/>Acontece neste s\u00e1bado (10\/03), em Carangola, o &#8220;Minas ao Luar&#8221;. O projeto musical do Sesc Minas tem por objetivo\u00a0resgatar e incentivar a tradi\u00e7\u00e3o seresteira em todo o estado. Em Carangola, o palco foi montado na Pra\u00e7a Coronel Maximiano, no centro da cidade.\u00a0<\/span><\/p>\n<p style=\"text-align: justify;\"><span style=\"color: #888888;\">Os carangolenses poder\u00e3o curtir m\u00fasicas de qualidade a partir das 20:30 hs. Para\u00a0a realiza\u00e7\u00e3o do evento, o tr\u00e2nsito sofrer\u00e1 algumas altera\u00e7\u00f5es na regi\u00e3o central da cidade.<!--more--><\/span><\/p>\n<p style=\"text-align: justify;\"><span style=\"color: #888888;\">Os motoristas n\u00e3o poder\u00e1 contornar a Pra\u00e7a Coronel Maximiano em dire\u00e7\u00e3o a Rua Santa Luzia. A op\u00e7\u00e3o \u00e9 subir o morro do hospital, passar pela Silva Jardim e descer pela Duque de Mesquita. A Rua Marechal Floriano Peixoto, tamb\u00e9m est\u00e1 interditada.<\/span><\/p>\n<p style=\"text-align: justify;\"><span style=\"color: #888888;\">O Minas ao Luar tem o apoio da Prefeitura de Carangola e da TV Globo Minas.<\/span><\/p>\n<p style=\"text-align: justify;\"><strong><span style=\"color: #888888;\">Por: Click Carangola<\/span><\/strong><\/p>\n<\/div>\n","protected":false},"excerpt":{"rendered":"<p>Acontece neste s\u00e1bado (10\/03), em Carangola, o &#8220;Minas ao Luar&#8221;. O projeto musical do Sesc Minas tem por objetivo\u00a0resgatar e incentivar a tradi\u00e7\u00e3o seresteira em todo o estado. Em Carangola, o palco foi montado na Pra\u00e7a Coronel Maximiano, no centro da cidade.\u00a0 Os carangolenses poder\u00e3o curtir m\u00fasicas de qualidade a partir das 20:30 hs. Para\u00a0a [&hellip;]<\/p>\n","protected":false},"author":2,"featured_media":0,"comment_status":"open","ping_status":"open","sticky":false,"template":"","format":"standard","meta":{"footnotes":""},"categories":[37],"tags":[],"class_list":["post-4155","post","type-post","status-publish","format-standard","hentry","category-carangola-mg"],"_links":{"self":[{"href":"https:\/\/clickcarangola.com.br\/site\/wp-json\/wp\/v2\/posts\/4155","targetHints":{"allow":["GET"]}}],"collection":[{"href":"https:\/\/clickcarangola.com.br\/site\/wp-json\/wp\/v2\/posts"}],"about":[{"href":"https:\/\/clickcarangola.com.br\/site\/wp-json\/wp\/v2\/types\/post"}],"author":[{"embeddable":true,"href":"https:\/\/clickcarangola.com.br\/site\/wp-json\/wp\/v2\/users\/2"}],"replies":[{"embeddable":true,"href":"https:\/\/clickcarangola.com.br\/site\/wp-json\/wp\/v2\/comments?post=4155"}],"version-history":[{"count":5,"href":"https:\/\/clickcarangola.com.br\/site\/wp-json\/wp\/v2\/posts\/4155\/revisions"}],"predecessor-version":[{"id":4157,"href":"https:\/\/clickcarangola.com.br\/site\/wp-json\/wp\/v2\/posts\/4155\/revisions\/4157"}],"wp:attachment":[{"href":"https:\/\/clickcarangola.com.br\/site\/wp-json\/wp\/v2\/media?parent=4155"}],"wp:term":[{"taxonomy":"category","embeddable":true,"href":"https:\/\/clickcarangola.com.br\/site\/wp-json\/wp\/v2\/categories?post=4155"},{"taxonomy":"post_tag","embeddable":true,"href":"https:\/\/clickcarangola.com.br\/site\/wp-json\/wp\/v2\/tags?post=4155"}],"curies":[{"name":"wp","href":"https:\/\/api.w.org\/{rel}","templated":true}]}}