{"id":41701,"date":"2020-03-27T08:00:38","date_gmt":"2020-03-27T11:00:38","guid":{"rendered":"https:\/\/clickcarangola.com.br\/site\/?p=41701"},"modified":"2020-03-27T12:07:55","modified_gmt":"2020-03-27T15:07:55","slug":"policia-militar-pm-recupera-vw-gol-furtado-da-prefeitura-de-alto-jequitiba","status":"publish","type":"post","link":"https:\/\/clickcarangola.com.br\/site\/27\/03\/2020\/policia-militar-pm-recupera-vw-gol-furtado-da-prefeitura-de-alto-jequitiba\/","title":{"rendered":"Pol\u00edcia Militar (PM) recupera VW Gol furtado da Prefeitura de Alto Jequitib\u00e1"},"content":{"rendered":"<p>ALTO JEQUITIB\u00c1 &#8211; Policiais militares de Alto Jequitib\u00e1 recuperaram um VW Gol furtado da Prefeitura Municipal na madrugada desta quarta-feira (25\/03).<\/p>\n<p>Os militares foram acionados por uma testemunha que contou que viu o autor, de 20 anos, passando no carro da prefeitura em alta velocidade.<!--more--><\/p>\n<p>A equipe da PM saiu em rastreamento e encontrou o carro capotado com v\u00e1rios danos num trecho da MG-111. O autor foi encontrado pouco adiante.<\/p>\n<p><span style=\"font-size: 1.0625rem;\">O jovem de 20 anos foi preso pelo crime de furto ap\u00f3s ser atendido no pronto socorro com escoria\u00e7\u00f5es. O carro recuperado foi removido ao p\u00e1tio credenciado.<\/span><\/p>\n<p><strong>Confira as imagens:<\/strong><\/p>\n<p><img loading=\"lazy\" decoding=\"async\" src=\"https:\/\/clickcarangola.com.br\/site\/wp-content\/uploads\/2020\/03\/VW-Gol-furtado-02.jpg\" alt=\"\" width=\"400\" height=\"300\" \/><\/p>\n<p><strong>Por: Click Carangola<\/strong> | Com informa\u00e7\u00f5es da PM e P. Capara\u00f3.<\/p>\n","protected":false},"excerpt":{"rendered":"<p>ALTO JEQUITIB\u00c1 &#8211; Policiais militares de Alto Jequitib\u00e1 recuperaram um VW Gol furtado da Prefeitura Municipal na madrugada desta quarta-feira (25\/03). Os militares foram acionados por uma testemunha que contou que viu o autor, de 20 anos, passando no carro da prefeitura em alta velocidade.<\/p>\n","protected":false},"author":2,"featured_media":41703,"comment_status":"open","ping_status":"open","sticky":false,"template":"","format":"standard","meta":{"footnotes":""},"categories":[40],"tags":[],"class_list":["post-41701","post","type-post","status-publish","format-standard","has-post-thumbnail","hentry","category-altojequitiba-mg"],"_links":{"self":[{"href":"https:\/\/clickcarangola.com.br\/site\/wp-json\/wp\/v2\/posts\/41701","targetHints":{"allow":["GET"]}}],"collection":[{"href":"https:\/\/clickcarangola.com.br\/site\/wp-json\/wp\/v2\/posts"}],"about":[{"href":"https:\/\/clickcarangola.com.br\/site\/wp-json\/wp\/v2\/types\/post"}],"author":[{"embeddable":true,"href":"https:\/\/clickcarangola.com.br\/site\/wp-json\/wp\/v2\/users\/2"}],"replies":[{"embeddable":true,"href":"https:\/\/clickcarangola.com.br\/site\/wp-json\/wp\/v2\/comments?post=41701"}],"version-history":[{"count":4,"href":"https:\/\/clickcarangola.com.br\/site\/wp-json\/wp\/v2\/posts\/41701\/revisions"}],"predecessor-version":[{"id":41707,"href":"https:\/\/clickcarangola.com.br\/site\/wp-json\/wp\/v2\/posts\/41701\/revisions\/41707"}],"wp:featuredmedia":[{"embeddable":true,"href":"https:\/\/clickcarangola.com.br\/site\/wp-json\/wp\/v2\/media\/41703"}],"wp:attachment":[{"href":"https:\/\/clickcarangola.com.br\/site\/wp-json\/wp\/v2\/media?parent=41701"}],"wp:term":[{"taxonomy":"category","embeddable":true,"href":"https:\/\/clickcarangola.com.br\/site\/wp-json\/wp\/v2\/categories?post=41701"},{"taxonomy":"post_tag","embeddable":true,"href":"https:\/\/clickcarangola.com.br\/site\/wp-json\/wp\/v2\/tags?post=41701"}],"curies":[{"name":"wp","href":"https:\/\/api.w.org\/{rel}","templated":true}]}}