{"id":41942,"date":"2020-04-16T08:00:34","date_gmt":"2020-04-16T11:00:34","guid":{"rendered":"https:\/\/clickcarangola.com.br\/site\/?p=41942"},"modified":"2020-04-16T17:49:46","modified_gmt":"2020-04-16T20:49:46","slug":"espera-feliz-tem-o-primeiro-caso-confirmado-de-covid-19-paciente-nao-teve-a-idade-divulgada","status":"publish","type":"post","link":"https:\/\/clickcarangola.com.br\/site\/16\/04\/2020\/espera-feliz-tem-o-primeiro-caso-confirmado-de-covid-19-paciente-nao-teve-a-idade-divulgada\/","title":{"rendered":"Espera Feliz tem o primeiro caso confirmado de Covid-19; paciente n\u00e3o teve a idade divulgada"},"content":{"rendered":"<p>ESPERA FELIZ &#8211; A Secretaria de Sa\u00fade de Espera Feliz-MG confirmou, numa transmiss\u00e3o ao vivo extraordin\u00e1ria, o primeiro caso positivo de Covid-19 no munic\u00edpio.<\/p>\n<p>A paciente \u00e9 uma senhora (idade exata n\u00e3o foi confirmada) moradora de Espera Feliz. De acordo com a evolu\u00e7\u00e3o do caso, estima-se que ela tenha adquirido a doen\u00e7a no dia 17 de mar\u00e7o, em Juiz de Fora-MG, quando esteve naquela cidade para tratamento m\u00e9dico.<!--more--><\/p>\n<p>Entre os dias 18 de mar\u00e7o a 9 de abril a paciente esteve de volta a Espera Feliz, tendo retornado para Juiz de Fora no dia 10 de abril. Ela apresentou os sintomas e ficou internada, onde encontra-se at\u00e9 o momento, com quadro de crise respirat\u00f3ria aguda.<\/p>\n<p><strong>Contatos em Espera Feliz<\/strong><\/p>\n<p>A equipe da Secretaria de Sa\u00fade de Espera Feliz j\u00e1 est\u00e1 mapeando e contatando todas as pessoas que tiveram contato com a paciente em Espera Feliz desde o dia 17 de mar\u00e7o at\u00e9 9 de abril. Essas pessoas ser\u00e3o consideradas casos suspeitos e dever\u00e3o ficar isoladas e monitoradas.<\/p>\n<p><strong>Confirma\u00e7\u00e3o oficial pelo Estado<\/strong><\/p>\n<p>A Secret\u00e1ria de Sa\u00fade, R\u00fabia Simiqueli, alertou para o fato de que Espera Feliz ainda n\u00e3o aparecer\u00e1 imediatamente nos dados oficiais do governo. Isto deve-se porque o hospital em que a paciente est\u00e1 internada em Juiz de Fora realizou o exame em um laborat\u00f3rio particular, e n\u00e3o na FUNED, que faz as confirma\u00e7\u00f5es oficiais.<\/p>\n<p>Somente ap\u00f3s a confirma\u00e7\u00e3o do exame particular \u00e9 que a amostra foi enviada para a FUNED, ent\u00e3o ainda deve levar alguns dias at\u00e9 que a FUNED tamb\u00e9m confirme o caso para que ele passa a integrar as estat\u00edsticas oficiais do governo.<\/p>\n<p><strong>Por: Click Carangola | <\/strong>Com informa\u00e7\u00f5es da Secretaria de Sa\u00fade e P. Espera Feliz.<\/p>\n","protected":false},"excerpt":{"rendered":"<p>ESPERA FELIZ &#8211; A Secretaria de Sa\u00fade de Espera Feliz-MG confirmou, numa transmiss\u00e3o ao vivo extraordin\u00e1ria, o primeiro caso positivo de Covid-19 no munic\u00edpio. A paciente \u00e9 uma senhora (idade exata n\u00e3o foi confirmada) moradora de Espera Feliz. De acordo com a evolu\u00e7\u00e3o do caso, estima-se que ela tenha adquirido a doen\u00e7a no dia 17 [&hellip;]<\/p>\n","protected":false},"author":2,"featured_media":41944,"comment_status":"open","ping_status":"open","sticky":false,"template":"","format":"standard","meta":{"footnotes":""},"categories":[45],"tags":[],"class_list":["post-41942","post","type-post","status-publish","format-standard","has-post-thumbnail","hentry","category-esperafeliz-mg"],"_links":{"self":[{"href":"https:\/\/clickcarangola.com.br\/site\/wp-json\/wp\/v2\/posts\/41942","targetHints":{"allow":["GET"]}}],"collection":[{"href":"https:\/\/clickcarangola.com.br\/site\/wp-json\/wp\/v2\/posts"}],"about":[{"href":"https:\/\/clickcarangola.com.br\/site\/wp-json\/wp\/v2\/types\/post"}],"author":[{"embeddable":true,"href":"https:\/\/clickcarangola.com.br\/site\/wp-json\/wp\/v2\/users\/2"}],"replies":[{"embeddable":true,"href":"https:\/\/clickcarangola.com.br\/site\/wp-json\/wp\/v2\/comments?post=41942"}],"version-history":[{"count":8,"href":"https:\/\/clickcarangola.com.br\/site\/wp-json\/wp\/v2\/posts\/41942\/revisions"}],"predecessor-version":[{"id":41953,"href":"https:\/\/clickcarangola.com.br\/site\/wp-json\/wp\/v2\/posts\/41942\/revisions\/41953"}],"wp:featuredmedia":[{"embeddable":true,"href":"https:\/\/clickcarangola.com.br\/site\/wp-json\/wp\/v2\/media\/41944"}],"wp:attachment":[{"href":"https:\/\/clickcarangola.com.br\/site\/wp-json\/wp\/v2\/media?parent=41942"}],"wp:term":[{"taxonomy":"category","embeddable":true,"href":"https:\/\/clickcarangola.com.br\/site\/wp-json\/wp\/v2\/categories?post=41942"},{"taxonomy":"post_tag","embeddable":true,"href":"https:\/\/clickcarangola.com.br\/site\/wp-json\/wp\/v2\/tags?post=41942"}],"curies":[{"name":"wp","href":"https:\/\/api.w.org\/{rel}","templated":true}]}}