{"id":41976,"date":"2020-04-20T08:00:46","date_gmt":"2020-04-20T11:00:46","guid":{"rendered":"https:\/\/clickcarangola.com.br\/site\/?p=41976"},"modified":"2020-04-20T11:33:04","modified_gmt":"2020-04-20T14:33:04","slug":"homem-de-33-anos-morre-apos-perder-o-controle-da-moto-na-br-116","status":"publish","type":"post","link":"https:\/\/clickcarangola.com.br\/site\/20\/04\/2020\/homem-de-33-anos-morre-apos-perder-o-controle-da-moto-na-br-116\/","title":{"rendered":"Homem de 33 anos morre ap\u00f3s perder o controle da moto na BR-116"},"content":{"rendered":"<p>S\u00c3O FRANCISCO DO GL\u00d3RIA &#8211; Um motociclista de 33 anos, morador da zona rural de Fervedouro, morreu na noite deste domingo (19), na BR-116, pr\u00f3ximo a S\u00e3o Francisco do Gl\u00f3ria.<\/p>\n<p>Segundo informa\u00e7\u00f5es,\u00a0Edilson Mariano da Silva\u00a0teria perdido o controle da motocicleta e ca\u00eddo na rodovia.<!--more--><\/p>\n<p>A per\u00edcia t\u00e9cnica da Pol\u00edcia Civil (PC) esteve no local e n\u00e3o encontrou nenhum vest\u00edgio de outro envolvido no acidente. Uma equipe do Servi\u00e7o de Atendimento M\u00f3vel de Urg\u00eancia (SAMU 192) foi at\u00e9 a BR, mas, a v\u00edtima j\u00e1 estava sem vida.<\/p>\n<p>Seu corpo foi conduzido por uma funer\u00e1ria ao Instituto M\u00e9dico Legal (IML) e em seguida, liberado para a fam\u00edlia. A Pol\u00edcia Rodovi\u00e1ria Federal (PRF) registrou a ocorr\u00eancia.<\/p>\n<p>Edilson Mariano da Silva deixa mulher e duas filhas, uma de seis e outra de quatro anos.<\/p>\n<p><strong>Confira as imagens:<\/strong><\/p>\n<p><img loading=\"lazy\" decoding=\"async\" src=\"https:\/\/clickcarangola.com.br\/site\/wp-content\/uploads\/2020\/04\/Homem-de-33-anos-na-116-02.jpeg\" alt=\"\" width=\"400\" height=\"300\" \/><br \/>\n<img loading=\"lazy\" decoding=\"async\" src=\"https:\/\/clickcarangola.com.br\/site\/wp-content\/uploads\/2020\/04\/Homem-de-33-anos-na-116-03.jpeg\" alt=\"\" width=\"400\" height=\"300\" \/><br \/>\n<img loading=\"lazy\" decoding=\"async\" src=\"https:\/\/clickcarangola.com.br\/site\/wp-content\/uploads\/2020\/04\/Homem-de-33-anos-na-116-04.jpeg\" alt=\"\" width=\"400\" height=\"300\" \/><br \/>\n<img loading=\"lazy\" decoding=\"async\" src=\"https:\/\/clickcarangola.com.br\/site\/wp-content\/uploads\/2020\/04\/Homem-de-33-anos-na-116-05.jpeg\" alt=\"\" width=\"400\" height=\"300\" \/><\/p>\n<p><strong>Por: Click Carangola<\/strong> | Com informa\u00e7\u00f5es Paulo Roberto e R\u00e1dio Muria\u00e9.<\/p>\n","protected":false},"excerpt":{"rendered":"<p>S\u00c3O FRANCISCO DO GL\u00d3RIA &#8211; Um motociclista de 33 anos, morador da zona rural de Fervedouro, morreu na noite deste domingo (19), na BR-116, pr\u00f3ximo a S\u00e3o Francisco do Gl\u00f3ria. Segundo informa\u00e7\u00f5es,\u00a0Edilson Mariano da Silva\u00a0teria perdido o controle da motocicleta e ca\u00eddo na rodovia.<\/p>\n","protected":false},"author":2,"featured_media":41978,"comment_status":"open","ping_status":"open","sticky":false,"template":"","format":"standard","meta":{"footnotes":""},"categories":[55],"tags":[],"class_list":["post-41976","post","type-post","status-publish","format-standard","has-post-thumbnail","hentry","category-saofranciscodogloria-mg"],"_links":{"self":[{"href":"https:\/\/clickcarangola.com.br\/site\/wp-json\/wp\/v2\/posts\/41976","targetHints":{"allow":["GET"]}}],"collection":[{"href":"https:\/\/clickcarangola.com.br\/site\/wp-json\/wp\/v2\/posts"}],"about":[{"href":"https:\/\/clickcarangola.com.br\/site\/wp-json\/wp\/v2\/types\/post"}],"author":[{"embeddable":true,"href":"https:\/\/clickcarangola.com.br\/site\/wp-json\/wp\/v2\/users\/2"}],"replies":[{"embeddable":true,"href":"https:\/\/clickcarangola.com.br\/site\/wp-json\/wp\/v2\/comments?post=41976"}],"version-history":[{"count":5,"href":"https:\/\/clickcarangola.com.br\/site\/wp-json\/wp\/v2\/posts\/41976\/revisions"}],"predecessor-version":[{"id":41986,"href":"https:\/\/clickcarangola.com.br\/site\/wp-json\/wp\/v2\/posts\/41976\/revisions\/41986"}],"wp:featuredmedia":[{"embeddable":true,"href":"https:\/\/clickcarangola.com.br\/site\/wp-json\/wp\/v2\/media\/41978"}],"wp:attachment":[{"href":"https:\/\/clickcarangola.com.br\/site\/wp-json\/wp\/v2\/media?parent=41976"}],"wp:term":[{"taxonomy":"category","embeddable":true,"href":"https:\/\/clickcarangola.com.br\/site\/wp-json\/wp\/v2\/categories?post=41976"},{"taxonomy":"post_tag","embeddable":true,"href":"https:\/\/clickcarangola.com.br\/site\/wp-json\/wp\/v2\/tags?post=41976"}],"curies":[{"name":"wp","href":"https:\/\/api.w.org\/{rel}","templated":true}]}}