{"id":42059,"date":"2020-04-28T08:00:15","date_gmt":"2020-04-28T11:00:15","guid":{"rendered":"https:\/\/clickcarangola.com.br\/site\/?p=42059"},"modified":"2020-04-28T10:35:34","modified_gmt":"2020-04-28T13:35:34","slug":"operario-de-30-anos-morre-soterrado-vereador-de-49-anos-e-socorrido-e-passa-bem","status":"publish","type":"post","link":"https:\/\/clickcarangola.com.br\/site\/28\/04\/2020\/operario-de-30-anos-morre-soterrado-vereador-de-49-anos-e-socorrido-e-passa-bem\/","title":{"rendered":"Oper\u00e1rio de 30 anos morre soterrado; vereador de 49 anos \u00e9 socorrido e passa bem"},"content":{"rendered":"<p>CAPARA\u00d3 &#8211; Uma pessoa morreu e outra ficou gravemente ferida ap\u00f3s desmoronamento de terra em uma obra no munic\u00edpio de Capara\u00f3. O fato foi registrado no in\u00edcio da noite desta segunda-feira (27).<\/p>\n<p>Segundo informa\u00e7\u00f5es, as v\u00edtimas eram Gustavo L\u00facio Maffort, de 30 anos, (funcion\u00e1rio contratado da secretaria de obras da prefeitura municipal) e o vereador Eraldo Macedo, de 49 anos.<\/p>\n<p>De acordo com o Corpo de Bombeiros (CB), Gustavo morreu imediatamente j\u00e1 o vereador Eraldo Macedo ficou parcialmente soterrado e foi resgatado com vida.<\/p>\n<p>De acordo com testemunhas, um cano de abastecimento da rua havia se rompido e a \u00e1gua estava acumulando no local onde acontecia uma obra de drenagem devido aos alagamentos com as enxurradas.<\/p>\n<p>No momento em que os dois estavam dentro da vala feita para a realiza\u00e7\u00e3o do manilhamento, uma parte do terreno cedeu, caindo em cima do oper\u00e1rio e do vereador.<\/p>\n<p>As equipes do Servi\u00e7o de Atendimento M\u00f3vel de Urg\u00eancia (SAMU 192), Pol\u00edcia Militar (PM) e do Corpo de Bombeiros (CB) conseguiram chegar at\u00e9 o vereador Eraldo Macedo e deix\u00e1-lo respirando por um aparelho at\u00e9 conseguirem retir\u00e1-lo completamente. Ele foi encaminhado para o servi\u00e7o de sa\u00fade.<\/p>\n<p>O corpo de Gustavo Maffort foi retirado em seguida e entregue para uma funer\u00e1ria. A per\u00edcia t\u00e9cnica da Pol\u00edcia Civil (PC) far\u00e1 levantamentos no local do soterramento.<\/p>\n<p><strong>Confira as imagens:<\/strong><\/p>\n<p><img loading=\"lazy\" decoding=\"async\" src=\"https:\/\/clickcarangola.com.br\/site\/wp-content\/uploads\/2020\/04\/Oper\u00e1rio-de-30-anos-morre-02.jpg\" alt=\"\" width=\"400\" height=\"300\" \/><br \/>\n<img loading=\"lazy\" decoding=\"async\" src=\"https:\/\/clickcarangola.com.br\/site\/wp-content\/uploads\/2020\/04\/Oper\u00e1rio-de-30-anos-morre-03.jpg\" alt=\"\" width=\"400\" height=\"300\" \/><br \/>\n<img loading=\"lazy\" decoding=\"async\" src=\"https:\/\/clickcarangola.com.br\/site\/wp-content\/uploads\/2020\/04\/Oper\u00e1rio-de-30-anos-morre-04.jpg\" alt=\"\" width=\"400\" height=\"300\" \/><\/p>\n<p><strong>Por: Click Carangola<\/strong> | Com informa\u00e7\u00f5es do CB e P. Capara\u00f3.<\/p>\n","protected":false},"excerpt":{"rendered":"<p>CAPARA\u00d3 &#8211; Uma pessoa morreu e outra ficou gravemente ferida ap\u00f3s desmoronamento de terra em uma obra no munic\u00edpio de Capara\u00f3. O fato foi registrado no in\u00edcio da noite desta segunda-feira (27). Segundo informa\u00e7\u00f5es, as v\u00edtimas eram Gustavo L\u00facio Maffort, de 30 anos, (funcion\u00e1rio contratado da secretaria de obras da prefeitura municipal) e o vereador [&hellip;]<\/p>\n","protected":false},"author":2,"featured_media":42062,"comment_status":"open","ping_status":"open","sticky":false,"template":"","format":"standard","meta":{"footnotes":""},"categories":[42],"tags":[],"class_list":["post-42059","post","type-post","status-publish","format-standard","has-post-thumbnail","hentry","category-caparao-mg"],"_links":{"self":[{"href":"https:\/\/clickcarangola.com.br\/site\/wp-json\/wp\/v2\/posts\/42059","targetHints":{"allow":["GET"]}}],"collection":[{"href":"https:\/\/clickcarangola.com.br\/site\/wp-json\/wp\/v2\/posts"}],"about":[{"href":"https:\/\/clickcarangola.com.br\/site\/wp-json\/wp\/v2\/types\/post"}],"author":[{"embeddable":true,"href":"https:\/\/clickcarangola.com.br\/site\/wp-json\/wp\/v2\/users\/2"}],"replies":[{"embeddable":true,"href":"https:\/\/clickcarangola.com.br\/site\/wp-json\/wp\/v2\/comments?post=42059"}],"version-history":[{"count":5,"href":"https:\/\/clickcarangola.com.br\/site\/wp-json\/wp\/v2\/posts\/42059\/revisions"}],"predecessor-version":[{"id":42067,"href":"https:\/\/clickcarangola.com.br\/site\/wp-json\/wp\/v2\/posts\/42059\/revisions\/42067"}],"wp:featuredmedia":[{"embeddable":true,"href":"https:\/\/clickcarangola.com.br\/site\/wp-json\/wp\/v2\/media\/42062"}],"wp:attachment":[{"href":"https:\/\/clickcarangola.com.br\/site\/wp-json\/wp\/v2\/media?parent=42059"}],"wp:term":[{"taxonomy":"category","embeddable":true,"href":"https:\/\/clickcarangola.com.br\/site\/wp-json\/wp\/v2\/categories?post=42059"},{"taxonomy":"post_tag","embeddable":true,"href":"https:\/\/clickcarangola.com.br\/site\/wp-json\/wp\/v2\/tags?post=42059"}],"curies":[{"name":"wp","href":"https:\/\/api.w.org\/{rel}","templated":true}]}}