{"id":42116,"date":"2020-05-03T08:00:45","date_gmt":"2020-05-03T11:00:45","guid":{"rendered":"https:\/\/clickcarangola.com.br\/site\/?p=42116"},"modified":"2020-05-09T11:44:45","modified_gmt":"2020-05-09T14:44:45","slug":"alto-jequitiba-confirma-paciente-de-80-anos-com-covid-19-idoso-encontra-se-internado-na-uti","status":"publish","type":"post","link":"https:\/\/clickcarangola.com.br\/site\/03\/05\/2020\/alto-jequitiba-confirma-paciente-de-80-anos-com-covid-19-idoso-encontra-se-internado-na-uti\/","title":{"rendered":"Alto Jequitib\u00e1 confirma paciente de 80 anos com Covid-19; idoso encontra-se internado na UTI"},"content":{"rendered":"<p><img loading=\"lazy\" decoding=\"async\" class=\"alignleft\" src=\"https:\/\/clickcarangola.com.br\/site\/wp-content\/uploads\/2020\/05\/Covid-19-em-Alto-Jequitib\u00e1.jpg\" alt=\"\" width=\"400\" height=\"300\" \/>ALTO JEQUITIB\u00c1 &#8211; A Secretaria Municipal de Sa\u00fade de Alto Jequitib\u00e1 &#8211; a cerca de 48 km de Carangola, confirmou neste s\u00e1bado (02), o primeiro caso de coronav\u00edrus no munic\u00edpio.<\/p>\n<p>Sem detalhar informa\u00e7\u00f5es, a Secretaria de Sa\u00fade comunicou que \u00e9 um paciente do sexo masculino, de 80 anos.<!--more--><\/p>\n<p>A pessoa encontra-se internada na Unidade de Terapia Intensiva (UTI), do Hospital C\u00e9sar Leite (HCL), em Manhua\u00e7u.<\/p>\n<p>Os familiares e contatos do paciente j\u00e1 foram orientados, isolados do conv\u00edvio social e est\u00e3o sendo monitorados pela Equipe de Sa\u00fade da Fam\u00edlia de Alto Jequitib\u00e1.<\/p>\n<p><strong>Por: Click Carangola<\/strong> | Com informa\u00e7\u00f5es da Secretaria de Sa\u00fade e P. Capara\u00f3.<\/p>\n","protected":false},"excerpt":{"rendered":"<p>ALTO JEQUITIB\u00c1 &#8211; A Secretaria Municipal de Sa\u00fade de Alto Jequitib\u00e1 &#8211; a cerca de 48 km de Carangola, confirmou neste s\u00e1bado (02), o primeiro caso de coronav\u00edrus no munic\u00edpio. Sem detalhar informa\u00e7\u00f5es, a Secretaria de Sa\u00fade comunicou que \u00e9 um paciente do sexo masculino, de 80 anos.<\/p>\n","protected":false},"author":2,"featured_media":0,"comment_status":"open","ping_status":"open","sticky":false,"template":"","format":"standard","meta":{"footnotes":""},"categories":[40],"tags":[],"class_list":["post-42116","post","type-post","status-publish","format-standard","hentry","category-altojequitiba-mg"],"_links":{"self":[{"href":"https:\/\/clickcarangola.com.br\/site\/wp-json\/wp\/v2\/posts\/42116","targetHints":{"allow":["GET"]}}],"collection":[{"href":"https:\/\/clickcarangola.com.br\/site\/wp-json\/wp\/v2\/posts"}],"about":[{"href":"https:\/\/clickcarangola.com.br\/site\/wp-json\/wp\/v2\/types\/post"}],"author":[{"embeddable":true,"href":"https:\/\/clickcarangola.com.br\/site\/wp-json\/wp\/v2\/users\/2"}],"replies":[{"embeddable":true,"href":"https:\/\/clickcarangola.com.br\/site\/wp-json\/wp\/v2\/comments?post=42116"}],"version-history":[{"count":3,"href":"https:\/\/clickcarangola.com.br\/site\/wp-json\/wp\/v2\/posts\/42116\/revisions"}],"predecessor-version":[{"id":42190,"href":"https:\/\/clickcarangola.com.br\/site\/wp-json\/wp\/v2\/posts\/42116\/revisions\/42190"}],"wp:attachment":[{"href":"https:\/\/clickcarangola.com.br\/site\/wp-json\/wp\/v2\/media?parent=42116"}],"wp:term":[{"taxonomy":"category","embeddable":true,"href":"https:\/\/clickcarangola.com.br\/site\/wp-json\/wp\/v2\/categories?post=42116"},{"taxonomy":"post_tag","embeddable":true,"href":"https:\/\/clickcarangola.com.br\/site\/wp-json\/wp\/v2\/tags?post=42116"}],"curies":[{"name":"wp","href":"https:\/\/api.w.org\/{rel}","templated":true}]}}