{"id":42143,"date":"2020-05-06T08:00:22","date_gmt":"2020-05-06T11:00:22","guid":{"rendered":"https:\/\/clickcarangola.com.br\/site\/?p=42143"},"modified":"2020-05-08T17:05:33","modified_gmt":"2020-05-08T20:05:33","slug":"homem-de-54-anos-e-preso-apos-ameacar-com-arma-de-fogo-morador-de-faria-lemos","status":"publish","type":"post","link":"https:\/\/clickcarangola.com.br\/site\/06\/05\/2020\/homem-de-54-anos-e-preso-apos-ameacar-com-arma-de-fogo-morador-de-faria-lemos\/","title":{"rendered":"Homem de 54 anos \u00e9 preso ap\u00f3s amea\u00e7ar com arma de fogo morador de Faria Lemos"},"content":{"rendered":"<p><img loading=\"lazy\" decoding=\"async\" class=\"alignleft\" src=\"https:\/\/clickcarangola.com.br\/site\/wp-content\/uploads\/2020\/05\/Homem-de-54-anos-\u00e9-preso-01.jpeg\" alt=\"\" width=\"400\" height=\"300\" \/>CARANGOLA &#8211; Um homem de 54 anos foi preso na noite desta ter\u00e7a-feira (05) em Carangola e com ele foi apreendido uma arma de fogo municiada.<\/p>\n<p>De acordo com a Pol\u00edcia Militar (PM), testemunhas afirmaram que o autor foi at\u00e9 a zona rural de Faria Lemos e efetuou v\u00e1rios disparos como forma de intimida\u00e7\u00e3o. N\u00e3o houve registro de feridos.<!--more--><\/p>\n<p>Ele foi preso dentro de sua casa em Carangola e entregou a arma de fogo usada para a intimida\u00e7\u00e3o. Depois de se apresentar na delegacia de Pol\u00edcia Civil (PC), o autor pagou fian\u00e7a e foi liberado.<\/p>\n<p><strong>Confira as imagens:<\/strong><\/p>\n<p><img loading=\"lazy\" decoding=\"async\" src=\"https:\/\/clickcarangola.com.br\/site\/wp-content\/uploads\/2020\/05\/Homem-de-54-anos-\u00e9-preso-02.jpeg\" alt=\"\" width=\"400\" height=\"300\" \/><\/p>\n<p><strong>Por: Click Carangola<\/strong> | Com informa\u00e7\u00f5es da PM e R\u00e1dio Muria\u00e9.<\/p>\n","protected":false},"excerpt":{"rendered":"<p>CARANGOLA &#8211; Um homem de 54 anos foi preso na noite desta ter\u00e7a-feira (05) em Carangola e com ele foi apreendido uma arma de fogo municiada. De acordo com a Pol\u00edcia Militar (PM), testemunhas afirmaram que o autor foi at\u00e9 a zona rural de Faria Lemos e efetuou v\u00e1rios disparos como forma de intimida\u00e7\u00e3o. N\u00e3o [&hellip;]<\/p>\n","protected":false},"author":2,"featured_media":0,"comment_status":"open","ping_status":"open","sticky":false,"template":"","format":"standard","meta":{"footnotes":""},"categories":[37,46],"tags":[],"class_list":["post-42143","post","type-post","status-publish","format-standard","hentry","category-carangola-mg","category-farialemos-mg"],"_links":{"self":[{"href":"https:\/\/clickcarangola.com.br\/site\/wp-json\/wp\/v2\/posts\/42143","targetHints":{"allow":["GET"]}}],"collection":[{"href":"https:\/\/clickcarangola.com.br\/site\/wp-json\/wp\/v2\/posts"}],"about":[{"href":"https:\/\/clickcarangola.com.br\/site\/wp-json\/wp\/v2\/types\/post"}],"author":[{"embeddable":true,"href":"https:\/\/clickcarangola.com.br\/site\/wp-json\/wp\/v2\/users\/2"}],"replies":[{"embeddable":true,"href":"https:\/\/clickcarangola.com.br\/site\/wp-json\/wp\/v2\/comments?post=42143"}],"version-history":[{"count":4,"href":"https:\/\/clickcarangola.com.br\/site\/wp-json\/wp\/v2\/posts\/42143\/revisions"}],"predecessor-version":[{"id":42170,"href":"https:\/\/clickcarangola.com.br\/site\/wp-json\/wp\/v2\/posts\/42143\/revisions\/42170"}],"wp:attachment":[{"href":"https:\/\/clickcarangola.com.br\/site\/wp-json\/wp\/v2\/media?parent=42143"}],"wp:term":[{"taxonomy":"category","embeddable":true,"href":"https:\/\/clickcarangola.com.br\/site\/wp-json\/wp\/v2\/categories?post=42143"},{"taxonomy":"post_tag","embeddable":true,"href":"https:\/\/clickcarangola.com.br\/site\/wp-json\/wp\/v2\/tags?post=42143"}],"curies":[{"name":"wp","href":"https:\/\/api.w.org\/{rel}","templated":true}]}}