{"id":42306,"date":"2020-05-20T12:00:31","date_gmt":"2020-05-20T15:00:31","guid":{"rendered":"https:\/\/clickcarangola.com.br\/site\/?p=42306"},"modified":"2020-05-20T17:26:24","modified_gmt":"2020-05-20T20:26:24","slug":"sargento-aposentado-da-policia-militar-pm-de-espera-feliz-morre-de-covid-19","status":"publish","type":"post","link":"https:\/\/clickcarangola.com.br\/site\/20\/05\/2020\/sargento-aposentado-da-policia-militar-pm-de-espera-feliz-morre-de-covid-19\/","title":{"rendered":"Sargento aposentado da Pol\u00edcia Militar (PM) de Espera Feliz morre de Covid-19"},"content":{"rendered":"<p><img loading=\"lazy\" decoding=\"async\" class=\"alignleft\" src=\"https:\/\/clickcarangola.com.br\/site\/wp-content\/uploads\/2020\/05\/Sargento-aposentado-morre-de-Covid-19.jpg\" alt=\"\" width=\"400\" height=\"300\" \/>VIT\u00d3RIA &#8211; O sargento aposentado da Pol\u00edcia Militar (PM), Jos\u00e9 Rodrigues de Souza, de 51 anos, faleceu nesta quarta-feira (20), v\u00edtima da Covid-19.<\/p>\n<p>Sgto. Rodrigues, como era conhecido enquanto ainda trabalhava na PM de Espera Feliz, havia se mudado com a fam\u00edlia para Vit\u00f3ria-ES no ano passado. Ele contraiu a Covid-19 e foi hospitalizado na capital capixaba, mas, n\u00e3o resistiu e faleceu.<!--more--><\/p>\n<p>Nas redes sociais, diversos esperafelicenses expressaram pesar e homenagens ao policial que, durante v\u00e1rios anos, serviu \u00e0 popula\u00e7\u00e3o local.<\/p>\n<p><span style=\"font-size: 1.0625rem;\">Em Espera Feliz, a Pol\u00edcia Militar (PM) expressou pesar pela morte do ex-membro da corpora\u00e7\u00e3o e externou luto e solidariedade \u00e0 fam\u00edlia.<\/span><\/p>\n<p><strong>Por: Click Carangola<\/strong> | Com informa\u00e7\u00f5es da PM e P. Espera Feliz.<\/p>\n","protected":false},"excerpt":{"rendered":"<p>VIT\u00d3RIA &#8211; O sargento aposentado da Pol\u00edcia Militar (PM), Jos\u00e9 Rodrigues de Souza, de 51 anos, faleceu nesta quarta-feira (20), v\u00edtima da Covid-19. Sgto. Rodrigues, como era conhecido enquanto ainda trabalhava na PM de Espera Feliz, havia se mudado com a fam\u00edlia para Vit\u00f3ria-ES no ano passado. Ele contraiu a Covid-19 e foi hospitalizado na [&hellip;]<\/p>\n","protected":false},"author":2,"featured_media":0,"comment_status":"open","ping_status":"open","sticky":false,"template":"","format":"standard","meta":{"footnotes":""},"categories":[45],"tags":[],"class_list":["post-42306","post","type-post","status-publish","format-standard","hentry","category-esperafeliz-mg"],"_links":{"self":[{"href":"https:\/\/clickcarangola.com.br\/site\/wp-json\/wp\/v2\/posts\/42306","targetHints":{"allow":["GET"]}}],"collection":[{"href":"https:\/\/clickcarangola.com.br\/site\/wp-json\/wp\/v2\/posts"}],"about":[{"href":"https:\/\/clickcarangola.com.br\/site\/wp-json\/wp\/v2\/types\/post"}],"author":[{"embeddable":true,"href":"https:\/\/clickcarangola.com.br\/site\/wp-json\/wp\/v2\/users\/2"}],"replies":[{"embeddable":true,"href":"https:\/\/clickcarangola.com.br\/site\/wp-json\/wp\/v2\/comments?post=42306"}],"version-history":[{"count":5,"href":"https:\/\/clickcarangola.com.br\/site\/wp-json\/wp\/v2\/posts\/42306\/revisions"}],"predecessor-version":[{"id":42312,"href":"https:\/\/clickcarangola.com.br\/site\/wp-json\/wp\/v2\/posts\/42306\/revisions\/42312"}],"wp:attachment":[{"href":"https:\/\/clickcarangola.com.br\/site\/wp-json\/wp\/v2\/media?parent=42306"}],"wp:term":[{"taxonomy":"category","embeddable":true,"href":"https:\/\/clickcarangola.com.br\/site\/wp-json\/wp\/v2\/categories?post=42306"},{"taxonomy":"post_tag","embeddable":true,"href":"https:\/\/clickcarangola.com.br\/site\/wp-json\/wp\/v2\/tags?post=42306"}],"curies":[{"name":"wp","href":"https:\/\/api.w.org\/{rel}","templated":true}]}}