{"id":42313,"date":"2020-05-21T08:00:05","date_gmt":"2020-05-21T11:00:05","guid":{"rendered":"https:\/\/clickcarangola.com.br\/site\/?p=42313"},"modified":"2020-05-21T11:15:11","modified_gmt":"2020-05-21T14:15:11","slug":"morador-de-caparao-tem-morte-confirmada-por-covid-19-vitima-estava-internada-no-hccc","status":"publish","type":"post","link":"https:\/\/clickcarangola.com.br\/site\/21\/05\/2020\/morador-de-caparao-tem-morte-confirmada-por-covid-19-vitima-estava-internada-no-hccc\/","title":{"rendered":"Morador de Capara\u00f3 tem morte confirmada por Covid-19; v\u00edtima estava internada no HCCC"},"content":{"rendered":"<p><img loading=\"lazy\" decoding=\"async\" class=\"alignleft\" src=\"https:\/\/clickcarangola.com.br\/site\/wp-content\/uploads\/2020\/05\/Morador-de-Capara\u00f3-morre-de-Covid-19.jpg\" alt=\"\" width=\"400\" height=\"300\" \/>CAPARA\u00d3 &#8211; Um morador de Capara\u00f3 &#8211; a cerca de 42 km de Carangola, morreu em decorr\u00eancia de seu quadro de sa\u00fade agravado pelo novo coronav\u00edrus (Covid-19). A v\u00edtima estava internada no Hospital Casa de Caridade de Carangola (HCCC), maior centro de refer\u00eancia em sa\u00fade\u00a0de toda a\u00a0regi\u00e3o.<\/p>\n<p>A informa\u00e7\u00e3o foi divulgada nas redes sociais da prefeitura daquela cidade nesta quarta-feira (20).<!--more--><\/p>\n<p>Segundo informa\u00e7\u00f5es do departamento de vigil\u00e2ncia em sa\u00fade local, trata-se de um paciente do sexo masculino, idoso (de 84 anos) e que j\u00e1 apresentava outras quatro condi\u00e7\u00f5es cl\u00ednicas, sendo que uma delas o levou a ser internado no HCCC h\u00e1 mais de um m\u00eas, onde permanecia desde ent\u00e3o.<\/p>\n<p>&#8220;Ap\u00f3s o falecimento, a secretaria municipal de sa\u00fade foi informada que o paciente testou positivo para Covid-19 e que, ao que tudo indica, contraiu o v\u00edrus no pr\u00f3prio hospital, sendo constatado que essa doen\u00e7a agravou o quadro cl\u00ednico da v\u00edtima, que, como dito, j\u00e1 sofria de outras enfermidades&#8221;, destacou a nota oficial.<\/p>\n<p>A declara\u00e7\u00e3o de \u00f3bito aponta como &#8220;causas mortis&#8221; (causas da morte) todas as cinco condi\u00e7\u00f5es cl\u00ednicas pelas quais o paciente padeceu, dentre elas, o novo coronav\u00edrus.<\/p>\n<p>A secretaria de sa\u00fade esclareceu que os familiares e contatos do paciente foram orientados e isolados temporariamente do conv\u00edvio social. Eles s\u00e3o acompanhados pela equipe respons\u00e1vel.<\/p>\n<p>No documento, a &#8220;Prefeitura de Capara\u00f3 presta suas sinceras condol\u00eancias aos familiares e amigos da v\u00edtima e refor\u00e7a \u00e0 popula\u00e7\u00e3o em geral sobre a necessidade de isolamento social, observ\u00e2ncia da etiqueta sanit\u00e1ria e o uso de m\u00e1scaras de prote\u00e7\u00e3o em locais p\u00fablicos&#8221;.<\/p>\n<p><strong>Dados da Regi\u00e3o<\/strong><\/p>\n<p>Capara\u00f3 integra a Microrregi\u00e3o de Carangola. Segundo o boletim da Superintend\u00eancia Regional de Sa\u00fade (SRS), s\u00e3o 99 casos confirmados at\u00e9 esta quarta-feira (20\/05). Cinco \u00f3bitos foram atestados para Covid-19 e outros tr\u00eas est\u00e3o sendo investigados. Doze mortes foram descartadas.<\/p>\n<p>Os casos est\u00e3o distribu\u00eddos da seguinte forma: S\u00e3o 64 na Microrregi\u00e3o de Carangola e 35 na Microrregi\u00e3o de Manhua\u00e7u.<\/p>\n<p>S\u00e3o 36 casos confirmados em Carangola; 18 em Manhua\u00e7u; 13 em Espera Feliz; 08 em Tombos; 07 em Alto Jequitib\u00e1; 05 em Mutum; 03 em Fervedouro, Divino e Faria Lemos; 02 em Matip\u00f3. As cidades de S\u00e3o Jo\u00e3o do Manhua\u00e7u, Lajinha, Santa Margarida, Pedra Dourada, Capara\u00f3 e Oriz\u00e2nia registraram 01 caso confirmado em cada.<\/p>\n<p>Dos 99 casos, 57 pessoas s\u00e3o mulheres (58%) e 42 s\u00e3o homens (42%). 83% dos casos t\u00eam entre 20 e 59 anos.<\/p>\n<p><strong>Por: Click Carangola<\/strong> | Com informa\u00e7\u00f5es da SRS e P. Capara\u00f3.<\/p>\n","protected":false},"excerpt":{"rendered":"<p>CAPARA\u00d3 &#8211; Um morador de Capara\u00f3 &#8211; a cerca de 42 km de Carangola, morreu em decorr\u00eancia de seu quadro de sa\u00fade agravado pelo novo coronav\u00edrus (Covid-19). A v\u00edtima estava internada no Hospital Casa de Caridade de Carangola (HCCC), maior centro de refer\u00eancia em sa\u00fade\u00a0de toda a\u00a0regi\u00e3o. A informa\u00e7\u00e3o foi divulgada nas redes sociais da [&hellip;]<\/p>\n","protected":false},"author":2,"featured_media":0,"comment_status":"open","ping_status":"open","sticky":false,"template":"","format":"standard","meta":{"footnotes":""},"categories":[42],"tags":[],"class_list":["post-42313","post","type-post","status-publish","format-standard","hentry","category-caparao-mg"],"_links":{"self":[{"href":"https:\/\/clickcarangola.com.br\/site\/wp-json\/wp\/v2\/posts\/42313","targetHints":{"allow":["GET"]}}],"collection":[{"href":"https:\/\/clickcarangola.com.br\/site\/wp-json\/wp\/v2\/posts"}],"about":[{"href":"https:\/\/clickcarangola.com.br\/site\/wp-json\/wp\/v2\/types\/post"}],"author":[{"embeddable":true,"href":"https:\/\/clickcarangola.com.br\/site\/wp-json\/wp\/v2\/users\/2"}],"replies":[{"embeddable":true,"href":"https:\/\/clickcarangola.com.br\/site\/wp-json\/wp\/v2\/comments?post=42313"}],"version-history":[{"count":7,"href":"https:\/\/clickcarangola.com.br\/site\/wp-json\/wp\/v2\/posts\/42313\/revisions"}],"predecessor-version":[{"id":42316,"href":"https:\/\/clickcarangola.com.br\/site\/wp-json\/wp\/v2\/posts\/42313\/revisions\/42316"}],"wp:attachment":[{"href":"https:\/\/clickcarangola.com.br\/site\/wp-json\/wp\/v2\/media?parent=42313"}],"wp:term":[{"taxonomy":"category","embeddable":true,"href":"https:\/\/clickcarangola.com.br\/site\/wp-json\/wp\/v2\/categories?post=42313"},{"taxonomy":"post_tag","embeddable":true,"href":"https:\/\/clickcarangola.com.br\/site\/wp-json\/wp\/v2\/tags?post=42313"}],"curies":[{"name":"wp","href":"https:\/\/api.w.org\/{rel}","templated":true}]}}