{"id":42328,"date":"2020-05-24T08:00:34","date_gmt":"2020-05-24T11:00:34","guid":{"rendered":"https:\/\/clickcarangola.com.br\/site\/?p=42328"},"modified":"2020-05-24T10:26:24","modified_gmt":"2020-05-24T13:26:24","slug":"homem-de-30-anos-e-morto-a-facadas-durante-confusao-em-bar","status":"publish","type":"post","link":"https:\/\/clickcarangola.com.br\/site\/24\/05\/2020\/homem-de-30-anos-e-morto-a-facadas-durante-confusao-em-bar\/","title":{"rendered":"Homem de 30 anos \u00e9 morto a facadas durante confus\u00e3o em bar"},"content":{"rendered":"<p><img loading=\"lazy\" decoding=\"async\" class=\"alignleft\" src=\"https:\/\/clickcarangola.com.br\/site\/wp-content\/uploads\/2020\/05\/Homem-de-30-anos-em-Divino.jpg\" alt=\"\" width=\"400\" height=\"300\" \/>DIVINO &#8211; Uma briga em um bar na noite deste s\u00e1bado (23) terminou em morte no &#8220;C\u00f3rrego Semin\u00e1rio&#8221;, zona rural de Divino &#8211; a cerca de 25 km de Carangola.<\/p>\n<p>A v\u00edtima Elias Coelho, de 30 anos, estaria muito alterada devido ao consumo de bebida alco\u00f3lica e incomodando uma fam\u00edlia que estava lanchando no local.<!--more--><\/p>\n<p>Um homem, integrante desta fam\u00edlia pediu \u00e0 v\u00edtima que se retirasse do local. O mesmo n\u00e3o atendeu ao pedido e continuou a incomodar a fam\u00edlia. Neste momento o autor foi at\u00e9 o carro que estava na porta do bar e voltou com uma faca de tamanho m\u00e9dio, golpeando a v\u00edtima, uma \u00fanica vez, deixando-a ca\u00edda no ch\u00e3o. Uma mulher que tamb\u00e9m estava no local foi atingida na perna, por\u00e9m, sem gravidade.<\/p>\n<p>Uma ambul\u00e2ncia da secretaria de sa\u00fade de Divino foi acionada, por\u00e9m, a v\u00edtima j\u00e1 tinha vindo a \u00f3bito. A Policia Militar (PM) foi acionada e isolou o local, at\u00e9 a chegada da per\u00edcia t\u00e9cnica da Pol\u00edcia Civil (PC).<\/p>\n<p>O autor fugiu do local sentido ao &#8220;C\u00f3rrego dos Viletes&#8221;, junto com sua fam\u00edlia. A Pol\u00edcia Militar (PM) realizou o rastreamento, mas, ningu\u00e9m foi localizado.<\/p>\n<p><strong>Por: Click Carangola<\/strong> | Com informa\u00e7\u00f5es da PM, Divino Not\u00edcias e R\u00e1dio Muria\u00e9.<\/p>\n","protected":false},"excerpt":{"rendered":"<p>DIVINO &#8211; Uma briga em um bar na noite deste s\u00e1bado (23) terminou em morte no &#8220;C\u00f3rrego Semin\u00e1rio&#8221;, zona rural de Divino &#8211; a cerca de 25 km de Carangola. A v\u00edtima Elias Coelho, de 30 anos, estaria muito alterada devido ao consumo de bebida alco\u00f3lica e incomodando uma fam\u00edlia que estava lanchando no local.<\/p>\n","protected":false},"author":2,"featured_media":0,"comment_status":"open","ping_status":"open","sticky":false,"template":"","format":"standard","meta":{"footnotes":""},"categories":[43],"tags":[],"class_list":["post-42328","post","type-post","status-publish","format-standard","hentry","category-divino-mg"],"_links":{"self":[{"href":"https:\/\/clickcarangola.com.br\/site\/wp-json\/wp\/v2\/posts\/42328","targetHints":{"allow":["GET"]}}],"collection":[{"href":"https:\/\/clickcarangola.com.br\/site\/wp-json\/wp\/v2\/posts"}],"about":[{"href":"https:\/\/clickcarangola.com.br\/site\/wp-json\/wp\/v2\/types\/post"}],"author":[{"embeddable":true,"href":"https:\/\/clickcarangola.com.br\/site\/wp-json\/wp\/v2\/users\/2"}],"replies":[{"embeddable":true,"href":"https:\/\/clickcarangola.com.br\/site\/wp-json\/wp\/v2\/comments?post=42328"}],"version-history":[{"count":4,"href":"https:\/\/clickcarangola.com.br\/site\/wp-json\/wp\/v2\/posts\/42328\/revisions"}],"predecessor-version":[{"id":42333,"href":"https:\/\/clickcarangola.com.br\/site\/wp-json\/wp\/v2\/posts\/42328\/revisions\/42333"}],"wp:attachment":[{"href":"https:\/\/clickcarangola.com.br\/site\/wp-json\/wp\/v2\/media?parent=42328"}],"wp:term":[{"taxonomy":"category","embeddable":true,"href":"https:\/\/clickcarangola.com.br\/site\/wp-json\/wp\/v2\/categories?post=42328"},{"taxonomy":"post_tag","embeddable":true,"href":"https:\/\/clickcarangola.com.br\/site\/wp-json\/wp\/v2\/tags?post=42328"}],"curies":[{"name":"wp","href":"https:\/\/api.w.org\/{rel}","templated":true}]}}