{"id":42371,"date":"2020-05-26T18:00:45","date_gmt":"2020-05-26T21:00:45","guid":{"rendered":"https:\/\/clickcarangola.com.br\/site\/?p=42371"},"modified":"2020-05-28T11:16:39","modified_gmt":"2020-05-28T14:16:39","slug":"colhedor-de-cafe-e-morto-a-tiros-depois-de-desentender-com-socio","status":"publish","type":"post","link":"https:\/\/clickcarangola.com.br\/site\/26\/05\/2020\/colhedor-de-cafe-e-morto-a-tiros-depois-de-desentender-com-socio\/","title":{"rendered":"Colhedor de caf\u00e9 \u00e9 morto a tiros depois de desentender com s\u00f3cio"},"content":{"rendered":"<p><img loading=\"lazy\" decoding=\"async\" class=\"alignleft\" src=\"https:\/\/clickcarangola.com.br\/site\/wp-content\/uploads\/2020\/05\/Colhedor-de-caf\u00e9-em-Fdro-01.jpeg\" alt=\"\" width=\"400\" height=\"300\" \/>FERVEDOURO &#8211; Um colhedor de caf\u00e9 foi morto na tarde desta ter\u00e7a-feira (26) na zona rural de Fervedouro &#8211; a cerca de 32 km de Carangola.<\/p>\n<p>Carlinhos Corr\u00eaa tinha 51 anos e foi atingido com dois tiros; um no pesco\u00e7o e outro nas costelas, al\u00e9m de um corte profundo no pulso.<!--more--><\/p>\n<p>A per\u00edcia t\u00e9cnica da Pol\u00edcia Civil (PC) foi acionada e isolou a \u00e1rea para iniciar as investiga\u00e7\u00f5es. Marcas de sangue foram encontradas dentro da casa da v\u00edtima.<\/p>\n<p>A pol\u00edcia acredita que o autor, j\u00e1 identificado, fugiu pelos fundos da casa em dire\u00e7\u00e3o a uma lavoura.<\/p>\n<p>Segundo informa\u00e7\u00f5es, o motivo da morte pode ter sido devido a um desentendimento relacionado \u00e0 colheita de caf\u00e9 a qual os dois trabalhavam juntos.<\/p>\n<p>A Pol\u00edcia Militar (PM) realizou uma busca pelas imedia\u00e7\u00f5es do local, mas, ningu\u00e9m foi encontrado. O corpo de Carlinhos foi removido por uma funer\u00e1ria ap\u00f3s o t\u00e9rmino dos trabalhos periciais e conduzido para o Instituto M\u00e9dico Legal (IML).<\/p>\n<p><strong>Confira as imagens:<\/strong><\/p>\n<p><img loading=\"lazy\" decoding=\"async\" src=\"https:\/\/clickcarangola.com.br\/site\/wp-content\/uploads\/2020\/05\/Colhedor-de-caf\u00e9-em-Fdro-02.jpeg\" alt=\"\" width=\"400\" height=\"300\" \/><\/p>\n<p><strong>Por: Click Carangola <\/strong>| Com informa\u00e7\u00f5es da PM, Paulo Roberto e R\u00e1dio Muria\u00e9.<\/p>\n","protected":false},"excerpt":{"rendered":"<p>FERVEDOURO &#8211; Um colhedor de caf\u00e9 foi morto na tarde desta ter\u00e7a-feira (26) na zona rural de Fervedouro &#8211; a cerca de 32 km de Carangola. Carlinhos Corr\u00eaa tinha 51 anos e foi atingido com dois tiros; um no pesco\u00e7o e outro nas costelas, al\u00e9m de um corte profundo no pulso.<\/p>\n","protected":false},"author":2,"featured_media":0,"comment_status":"open","ping_status":"open","sticky":false,"template":"","format":"standard","meta":{"footnotes":""},"categories":[47],"tags":[],"class_list":["post-42371","post","type-post","status-publish","format-standard","hentry","category-fervedouro-mg"],"_links":{"self":[{"href":"https:\/\/clickcarangola.com.br\/site\/wp-json\/wp\/v2\/posts\/42371","targetHints":{"allow":["GET"]}}],"collection":[{"href":"https:\/\/clickcarangola.com.br\/site\/wp-json\/wp\/v2\/posts"}],"about":[{"href":"https:\/\/clickcarangola.com.br\/site\/wp-json\/wp\/v2\/types\/post"}],"author":[{"embeddable":true,"href":"https:\/\/clickcarangola.com.br\/site\/wp-json\/wp\/v2\/users\/2"}],"replies":[{"embeddable":true,"href":"https:\/\/clickcarangola.com.br\/site\/wp-json\/wp\/v2\/comments?post=42371"}],"version-history":[{"count":4,"href":"https:\/\/clickcarangola.com.br\/site\/wp-json\/wp\/v2\/posts\/42371\/revisions"}],"predecessor-version":[{"id":42377,"href":"https:\/\/clickcarangola.com.br\/site\/wp-json\/wp\/v2\/posts\/42371\/revisions\/42377"}],"wp:attachment":[{"href":"https:\/\/clickcarangola.com.br\/site\/wp-json\/wp\/v2\/media?parent=42371"}],"wp:term":[{"taxonomy":"category","embeddable":true,"href":"https:\/\/clickcarangola.com.br\/site\/wp-json\/wp\/v2\/categories?post=42371"},{"taxonomy":"post_tag","embeddable":true,"href":"https:\/\/clickcarangola.com.br\/site\/wp-json\/wp\/v2\/tags?post=42371"}],"curies":[{"name":"wp","href":"https:\/\/api.w.org\/{rel}","templated":true}]}}