{"id":4242,"date":"2012-03-14T17:33:14","date_gmt":"2012-03-14T20:33:14","guid":{"rendered":"https:\/\/clickcarangola.com.br\/site\/?p=4242"},"modified":"2012-03-14T17:33:14","modified_gmt":"2012-03-14T20:33:14","slug":"cadeirantes-e-portadores-de-deficiencia-fisica-sofrem-por-falta-de-adequacao-em-carangola","status":"publish","type":"post","link":"https:\/\/clickcarangola.com.br\/site\/14\/03\/2012\/cadeirantes-e-portadores-de-deficiencia-fisica-sofrem-por-falta-de-adequacao-em-carangola\/","title":{"rendered":"Cadeirantes e portadores de defici\u00eancia f\u00edsica sofrem por falta de adequa\u00e7\u00e3o em Carangola"},"content":{"rendered":"<p style=\"text-align: justify;\"><span style=\"color: #888888;\"><a href=\"https:\/\/3.bp.blogspot.com\/-e-u6tvQRGJw\/T2C5UqNJJ1I\/AAAAAAAAA6s\/rULJHr4QuPk\/s1600\/P%C3%A1g+6+foto+45.JPG\"><img loading=\"lazy\" decoding=\"async\" class=\"alignleft\" src=\"https:\/\/3.bp.blogspot.com\/-e-u6tvQRGJw\/T2C5UqNJJ1I\/AAAAAAAAA6s\/rULJHr4QuPk\/s320\/P%C3%A1g+6+foto+45.JPG\" border=\"0\" alt=\"\" width=\"300\" height=\"226\" \/><\/a>Quem anda pelas ruas da cidade de Carangola tem assistido ao triste quadro da falta de um espa\u00e7o adequado para cadeirantes e pessoas com defici\u00eancia f\u00edsica.<\/span><\/p>\n<p style=\"text-align: justify;\"><span style=\"color: #888888;\">As cal\u00e7adas muitas vezes s\u00e3o altas e na maioria delas n\u00e3o h\u00e1 rampa para o cadeirante descer. Al\u00e9m do mais, os postes da CEMIG instalados em locais espremidos, entre as paredes do com\u00e9rcio e das resid\u00eancias e o passeio, n\u00e3o d\u00e3o outra alternativa ao cadeirante sen\u00e3o utilizar o meio da rua para passar. Soma-se a isso que as ruas s\u00e3o cal\u00e7adas de paralelep\u00edpedos e as cal\u00e7adas em sua maioria irregulares.<!--more--><\/span><\/p>\n<p style=\"text-align: justify;\"><span style=\"color: #888888;\">N\u00e3o bastassem todos os entraves, muitos estabelecimentos comerciais utilizam as cal\u00e7adas como se fossem extens\u00e3o de seus pr\u00f3prios com\u00e9rcios, numa total demonstra\u00e7\u00e3o de desrespeito ao espa\u00e7o p\u00fablico e aqueles que utilizam cadeiras de rodas.<\/span><\/p>\n<p style=\"text-align: justify;\"><span style=\"color: #888888;\">Os estabelecimentos comerciais, em sua grande maioria, tamb\u00e9m n\u00e3o t\u00eam, em seu espa\u00e7o f\u00edsico, uma \u00e1rea adequada para que o cadeirante possa circular e exercer sua cidadania, buscando a mercadoria que deseja, analisando os pre\u00e7os e adquirindo o que deseja.<\/span><\/p>\n<p style=\"text-align: justify;\"><span style=\"color: #888888;\">H\u00e1 muito Carangola necessita discutir a cria\u00e7\u00e3o de um novo C\u00f3digo de Postura&#8230; e o que est\u00e3o fazendo os Vereadores al\u00e9m de distribuir t\u00edtulos e mo\u00e7\u00f5es de aplausos (muitas vezes sem o devido crit\u00e9rio) para agradar pessoas e angariar a simpatia de seus familiares?<\/span><\/p>\n<p style=\"text-align: justify;\"><span style=\"color: #888888;\">Onde est\u00e1 o plano diretor, elaborado no governo passado? O que vem sendo feito dele? Quais as mudan\u00e7as ele j\u00e1 provocou a favor da sociedade? Quais s\u00e3o as metas para o futuro? Onde est\u00e1 a discuss\u00e3o da sociedade sobre seus problemas mais cruciais? Enfim, estas e outras perguntas, pairam no ar. Enquanto isso, o cadeirante e o deficiente f\u00edsico continuam sem um espa\u00e7o adequado para circular no meio da sociedade e se v\u00ea privado, al\u00e9m de suas condi\u00e7\u00f5es f\u00edsicas, de seus direitos de cidadania. Com informa\u00e7\u00f5es do Jornal Folha da Mata.<\/span><\/p>\n<p style=\"text-align: justify;\"><strong><span style=\"color: #888888;\">Por: Click Carangola<\/span><\/strong><\/p>\n","protected":false},"excerpt":{"rendered":"<p>Quem anda pelas ruas da cidade de Carangola tem assistido ao triste quadro da falta de um espa\u00e7o adequado para cadeirantes e pessoas com defici\u00eancia f\u00edsica. As cal\u00e7adas muitas vezes s\u00e3o altas e na maioria delas n\u00e3o h\u00e1 rampa para o cadeirante descer. Al\u00e9m do mais, os postes da CEMIG instalados em locais espremidos, entre [&hellip;]<\/p>\n","protected":false},"author":2,"featured_media":0,"comment_status":"open","ping_status":"open","sticky":false,"template":"","format":"standard","meta":{"footnotes":""},"categories":[37],"tags":[],"class_list":["post-4242","post","type-post","status-publish","format-standard","hentry","category-carangola-mg"],"_links":{"self":[{"href":"https:\/\/clickcarangola.com.br\/site\/wp-json\/wp\/v2\/posts\/4242","targetHints":{"allow":["GET"]}}],"collection":[{"href":"https:\/\/clickcarangola.com.br\/site\/wp-json\/wp\/v2\/posts"}],"about":[{"href":"https:\/\/clickcarangola.com.br\/site\/wp-json\/wp\/v2\/types\/post"}],"author":[{"embeddable":true,"href":"https:\/\/clickcarangola.com.br\/site\/wp-json\/wp\/v2\/users\/2"}],"replies":[{"embeddable":true,"href":"https:\/\/clickcarangola.com.br\/site\/wp-json\/wp\/v2\/comments?post=4242"}],"version-history":[{"count":2,"href":"https:\/\/clickcarangola.com.br\/site\/wp-json\/wp\/v2\/posts\/4242\/revisions"}],"predecessor-version":[{"id":4244,"href":"https:\/\/clickcarangola.com.br\/site\/wp-json\/wp\/v2\/posts\/4242\/revisions\/4244"}],"wp:attachment":[{"href":"https:\/\/clickcarangola.com.br\/site\/wp-json\/wp\/v2\/media?parent=4242"}],"wp:term":[{"taxonomy":"category","embeddable":true,"href":"https:\/\/clickcarangola.com.br\/site\/wp-json\/wp\/v2\/categories?post=4242"},{"taxonomy":"post_tag","embeddable":true,"href":"https:\/\/clickcarangola.com.br\/site\/wp-json\/wp\/v2\/tags?post=4242"}],"curies":[{"name":"wp","href":"https:\/\/api.w.org\/{rel}","templated":true}]}}