{"id":42534,"date":"2020-06-14T08:00:54","date_gmt":"2020-06-14T11:00:54","guid":{"rendered":"https:\/\/clickcarangola.com.br\/site\/?p=42534"},"modified":"2020-06-14T11:54:34","modified_gmt":"2020-06-14T14:54:34","slug":"homem-de-42-anos-e-morto-a-facadas-e-suspeito-e-preso-minutos-depois-do-crime","status":"publish","type":"post","link":"https:\/\/clickcarangola.com.br\/site\/14\/06\/2020\/homem-de-42-anos-e-morto-a-facadas-e-suspeito-e-preso-minutos-depois-do-crime\/","title":{"rendered":"Homem de 42 anos \u00e9 morto a facadas e suspeito \u00e9 preso minutos depois do crime"},"content":{"rendered":"<p><img loading=\"lazy\" decoding=\"async\" class=\"alignleft\" src=\"https:\/\/clickcarangola.com.br\/site\/wp-content\/uploads\/2020\/06\/Homem-de-42-anos-\u00e9-morto-01.jpeg\" alt=\"\" width=\"300\" height=\"226\" \/>S\u00c3O FRANCISCO DO GL\u00d3RIA &#8211; Um homem de 42 anos foi morto a facadas em S\u00e3o Francisco do Gl\u00f3ria, neste s\u00e1bado (13). A Pol\u00edcia Militar (PM) recebeu v\u00e1rias liga\u00e7\u00f5es, relatando que havia um tumulto no centro da cidade.<\/p>\n<p>Ao chegar no local, encontraram uma pessoa ensanguentada dentro de um carro. A v\u00edtima foi socorrida pelos militares e encaminhada ao Hospital Santa B\u00e1rbara (HSB), em Fervedouro.<!--more--><\/p>\n<p>Os profissionais de sa\u00fade tentaram reanimar o rapaz, que n\u00e3o resistiu e faleceu. Minutos depois, o suspeito deu entrada no mesmo hospital com ferimentos, foi atendido e acabou preso por homic\u00eddio. A v\u00edtima foi identificada como F\u00e1bio Gomes da Silva, de 42 anos.<\/p>\n<p>A motiva\u00e7\u00e3o do crime seria uma d\u00edvida de carv\u00e3o. O caso agora ser\u00e1 investigado pela Pol\u00edcia Civil (PC). Uma foice usada na briga foi apreendida.<\/p>\n<p><strong>Confira as imagens e o v\u00eddeo:<\/strong><\/p>\n<p><img loading=\"lazy\" decoding=\"async\" src=\"https:\/\/clickcarangola.com.br\/site\/wp-content\/uploads\/2020\/06\/Homem-de-42-anos-\u00e9-morto-02.jpeg\" alt=\"\" width=\"400\" height=\"300\" \/><br \/>\n<iframe loading=\"lazy\" style=\"border: none; overflow: hidden;\" src=\"https:\/\/www.facebook.com\/plugins\/video.php?href=https%3A%2F%2Fwww.facebook.com%2Fclick.carangola%2Fvideos%2F696776724491840%2F&amp;show_text=0&amp;width=560\" width=\"560\" height=\"308\" frameborder=\"0\" scrolling=\"no\" allowfullscreen=\"allowfullscreen\"><\/iframe><\/p>\n<p><strong>Por: Click Carangola<\/strong> | Com informa\u00e7\u00f5es da PM e R\u00e1dio Muria\u00e9.<\/p>\n","protected":false},"excerpt":{"rendered":"<p>S\u00c3O FRANCISCO DO GL\u00d3RIA &#8211; Um homem de 42 anos foi morto a facadas em S\u00e3o Francisco do Gl\u00f3ria, neste s\u00e1bado (13). A Pol\u00edcia Militar (PM) recebeu v\u00e1rias liga\u00e7\u00f5es, relatando que havia um tumulto no centro da cidade. Ao chegar no local, encontraram uma pessoa ensanguentada dentro de um carro. A v\u00edtima foi socorrida pelos [&hellip;]<\/p>\n","protected":false},"author":2,"featured_media":0,"comment_status":"open","ping_status":"open","sticky":false,"template":"","format":"standard","meta":{"footnotes":""},"categories":[55],"tags":[],"class_list":["post-42534","post","type-post","status-publish","format-standard","hentry","category-saofranciscodogloria-mg"],"_links":{"self":[{"href":"https:\/\/clickcarangola.com.br\/site\/wp-json\/wp\/v2\/posts\/42534","targetHints":{"allow":["GET"]}}],"collection":[{"href":"https:\/\/clickcarangola.com.br\/site\/wp-json\/wp\/v2\/posts"}],"about":[{"href":"https:\/\/clickcarangola.com.br\/site\/wp-json\/wp\/v2\/types\/post"}],"author":[{"embeddable":true,"href":"https:\/\/clickcarangola.com.br\/site\/wp-json\/wp\/v2\/users\/2"}],"replies":[{"embeddable":true,"href":"https:\/\/clickcarangola.com.br\/site\/wp-json\/wp\/v2\/comments?post=42534"}],"version-history":[{"count":5,"href":"https:\/\/clickcarangola.com.br\/site\/wp-json\/wp\/v2\/posts\/42534\/revisions"}],"predecessor-version":[{"id":42541,"href":"https:\/\/clickcarangola.com.br\/site\/wp-json\/wp\/v2\/posts\/42534\/revisions\/42541"}],"wp:attachment":[{"href":"https:\/\/clickcarangola.com.br\/site\/wp-json\/wp\/v2\/media?parent=42534"}],"wp:term":[{"taxonomy":"category","embeddable":true,"href":"https:\/\/clickcarangola.com.br\/site\/wp-json\/wp\/v2\/categories?post=42534"},{"taxonomy":"post_tag","embeddable":true,"href":"https:\/\/clickcarangola.com.br\/site\/wp-json\/wp\/v2\/tags?post=42534"}],"curies":[{"name":"wp","href":"https:\/\/api.w.org\/{rel}","templated":true}]}}