{"id":42828,"date":"2020-07-21T08:00:54","date_gmt":"2020-07-21T11:00:54","guid":{"rendered":"https:\/\/clickcarangola.com.br\/site\/?p=42828"},"modified":"2020-07-24T12:39:24","modified_gmt":"2020-07-24T15:39:24","slug":"padrasto-e-preso-em-caparao-acusado-de-estupro-de-crianca-de-seis-anos","status":"publish","type":"post","link":"https:\/\/clickcarangola.com.br\/site\/21\/07\/2020\/padrasto-e-preso-em-caparao-acusado-de-estupro-de-crianca-de-seis-anos\/","title":{"rendered":"Padrasto \u00e9 preso em Capara\u00f3 acusado de estupro de crian\u00e7a de seis anos"},"content":{"rendered":"<p><img loading=\"lazy\" decoding=\"async\" class=\"alignleft\" src=\"https:\/\/clickcarangola.com.br\/site\/wp-content\/uploads\/2020\/07\/Padrasto-\u00e9-preso-01.jpg\" alt=\"\" width=\"300\" height=\"226\" \/>CAPARA\u00d3 &#8211; Um homem foi preso em Capara\u00f3 &#8211; a cerca de 42 km de Carangola, pela pol\u00edcia, atrav\u00e9s da 34\u00aa delegacia de Pol\u00edcia Civil (PC), que cumpriu nesta segunda-feira (20), o mandado de pris\u00e3o preventiva expedido pelo Juiz de Direito da Comarca de Espera Feliz, Dr. Mateus Leite Xavier.<\/p>\n<p>Foram comprovados ind\u00edcios de materialidade e autoria delitiva do crime de estupro de vulner\u00e1vel praticado contra uma crian\u00e7a de apenas seis anos pelo seu pr\u00f3prio padrasto.<!--more--><\/p>\n<p>No relat\u00f3rio final do inqu\u00e9rito, a autoridade policial representou pela pris\u00e3o preventiva do investigado.<\/p>\n<p>O homem tamb\u00e9m foi denunciado pelo Minist\u00e9rio P\u00fablico do Estado de Minas Gerais (MPMG).<\/p>\n<p><strong>Confira as imagens:<\/strong><\/p>\n<p><img loading=\"lazy\" decoding=\"async\" src=\"https:\/\/clickcarangola.com.br\/site\/wp-content\/uploads\/2020\/07\/Padrasto-\u00e9-preso-02.jpg\" alt=\"\" width=\"400\" height=\"300\" \/><\/p>\n<p><strong>Por: Click Carangola<\/strong> | Com informa\u00e7\u00f5es da PC e P. Capara\u00f3.<\/p>\n","protected":false},"excerpt":{"rendered":"<p>CAPARA\u00d3 &#8211; Um homem foi preso em Capara\u00f3 &#8211; a cerca de 42 km de Carangola, pela pol\u00edcia, atrav\u00e9s da 34\u00aa delegacia de Pol\u00edcia Civil (PC), que cumpriu nesta segunda-feira (20), o mandado de pris\u00e3o preventiva expedido pelo Juiz de Direito da Comarca de Espera Feliz, Dr. Mateus Leite Xavier. Foram comprovados ind\u00edcios de materialidade [&hellip;]<\/p>\n","protected":false},"author":2,"featured_media":0,"comment_status":"open","ping_status":"open","sticky":false,"template":"","format":"standard","meta":{"footnotes":""},"categories":[42],"tags":[],"class_list":["post-42828","post","type-post","status-publish","format-standard","hentry","category-caparao-mg"],"_links":{"self":[{"href":"https:\/\/clickcarangola.com.br\/site\/wp-json\/wp\/v2\/posts\/42828","targetHints":{"allow":["GET"]}}],"collection":[{"href":"https:\/\/clickcarangola.com.br\/site\/wp-json\/wp\/v2\/posts"}],"about":[{"href":"https:\/\/clickcarangola.com.br\/site\/wp-json\/wp\/v2\/types\/post"}],"author":[{"embeddable":true,"href":"https:\/\/clickcarangola.com.br\/site\/wp-json\/wp\/v2\/users\/2"}],"replies":[{"embeddable":true,"href":"https:\/\/clickcarangola.com.br\/site\/wp-json\/wp\/v2\/comments?post=42828"}],"version-history":[{"count":7,"href":"https:\/\/clickcarangola.com.br\/site\/wp-json\/wp\/v2\/posts\/42828\/revisions"}],"predecessor-version":[{"id":42838,"href":"https:\/\/clickcarangola.com.br\/site\/wp-json\/wp\/v2\/posts\/42828\/revisions\/42838"}],"wp:attachment":[{"href":"https:\/\/clickcarangola.com.br\/site\/wp-json\/wp\/v2\/media?parent=42828"}],"wp:term":[{"taxonomy":"category","embeddable":true,"href":"https:\/\/clickcarangola.com.br\/site\/wp-json\/wp\/v2\/categories?post=42828"},{"taxonomy":"post_tag","embeddable":true,"href":"https:\/\/clickcarangola.com.br\/site\/wp-json\/wp\/v2\/tags?post=42828"}],"curies":[{"name":"wp","href":"https:\/\/api.w.org\/{rel}","templated":true}]}}