{"id":43425,"date":"2020-10-09T18:00:32","date_gmt":"2020-10-09T21:00:32","guid":{"rendered":"https:\/\/clickcarangola.com.br\/site\/?p=43425"},"modified":"2020-10-10T10:52:38","modified_gmt":"2020-10-10T13:52:38","slug":"homem-e-preso-por-posse-ilegal-duas-armas-de-fogo-foram-apreendidas","status":"publish","type":"post","link":"https:\/\/clickcarangola.com.br\/site\/09\/10\/2020\/homem-e-preso-por-posse-ilegal-duas-armas-de-fogo-foram-apreendidas\/","title":{"rendered":"Homem \u00e9 preso por posse ilegal; duas armas de fogo foram apreendidas"},"content":{"rendered":"<p><img loading=\"lazy\" decoding=\"async\" class=\"alignleft\" src=\"https:\/\/clickcarangola.com.br\/site\/wp-content\/uploads\/2020\/10\/Homem-\u00e9-preso-por-posse-ilegal.jpeg\" alt=\"\" width=\"300\" height=\"226\" \/>DIVINO &#8211; Ap\u00f3s dilig\u00eancias ao longo da semana, a Pol\u00edcia Militar (PM) compareceu \u00e0 zona rural de Divino &#8211; a cerca de 25 km de Carangola, nesta sexta-feira (09).<\/p>\n<p>Ap\u00f3s conversar com o suspeito, confirmou a den\u00fancia em rela\u00e7\u00e3o \u00e0 posse ilegal de armas, sendo um rev\u00f3lver calibre .22, com sete muni\u00e7\u00f5es intactas, e uma espingarda do tipo &#8220;polveira&#8221;.<!--more--><\/p>\n<p>No \u00faltimo domingo (04), militares receberam informa\u00e7\u00f5es an\u00f4nimas de populares, que um homem, se embriaga e efetuava disparos com arma de fogo, constantemente, em via p\u00fablica no &#8220;C\u00f3rrego dos Doze&#8221;. Segundo as informa\u00e7\u00f5es, esse homem teria atrito com diversas pessoas no local e tentava se impor perante seus desafetos efetuando disparos.<\/p>\n<p>O autor confessou que efetuava disparos e tem alguns desafetos na localidade. Esses desafetos j\u00e1 foram identificados e ser\u00e3o monitorados pela Pol\u00edcia Militar (PM).<\/p>\n<p>O autor foi preso e as armas e muni\u00e7\u00f5es encaminhadas para a Pol\u00edcia Civil (PC) de Divino. Somente em 2020, j\u00e1 foram apreendidas 42 armas de fogo no munic\u00edpio.<\/p>\n<p><strong>Por: Click Carangola<\/strong> | Com informa\u00e7\u00f5es da PM e R\u00e1dio Muria\u00e9.<\/p>\n","protected":false},"excerpt":{"rendered":"<p>DIVINO &#8211; Ap\u00f3s dilig\u00eancias ao longo da semana, a Pol\u00edcia Militar (PM) compareceu \u00e0 zona rural de Divino &#8211; a cerca de 25 km de Carangola, nesta sexta-feira (09). Ap\u00f3s conversar com o suspeito, confirmou a den\u00fancia em rela\u00e7\u00e3o \u00e0 posse ilegal de armas, sendo um rev\u00f3lver calibre .22, com sete muni\u00e7\u00f5es intactas, e uma [&hellip;]<\/p>\n","protected":false},"author":2,"featured_media":0,"comment_status":"open","ping_status":"open","sticky":false,"template":"","format":"standard","meta":{"footnotes":""},"categories":[43],"tags":[],"class_list":["post-43425","post","type-post","status-publish","format-standard","hentry","category-divino-mg"],"_links":{"self":[{"href":"https:\/\/clickcarangola.com.br\/site\/wp-json\/wp\/v2\/posts\/43425","targetHints":{"allow":["GET"]}}],"collection":[{"href":"https:\/\/clickcarangola.com.br\/site\/wp-json\/wp\/v2\/posts"}],"about":[{"href":"https:\/\/clickcarangola.com.br\/site\/wp-json\/wp\/v2\/types\/post"}],"author":[{"embeddable":true,"href":"https:\/\/clickcarangola.com.br\/site\/wp-json\/wp\/v2\/users\/2"}],"replies":[{"embeddable":true,"href":"https:\/\/clickcarangola.com.br\/site\/wp-json\/wp\/v2\/comments?post=43425"}],"version-history":[{"count":2,"href":"https:\/\/clickcarangola.com.br\/site\/wp-json\/wp\/v2\/posts\/43425\/revisions"}],"predecessor-version":[{"id":43428,"href":"https:\/\/clickcarangola.com.br\/site\/wp-json\/wp\/v2\/posts\/43425\/revisions\/43428"}],"wp:attachment":[{"href":"https:\/\/clickcarangola.com.br\/site\/wp-json\/wp\/v2\/media?parent=43425"}],"wp:term":[{"taxonomy":"category","embeddable":true,"href":"https:\/\/clickcarangola.com.br\/site\/wp-json\/wp\/v2\/categories?post=43425"},{"taxonomy":"post_tag","embeddable":true,"href":"https:\/\/clickcarangola.com.br\/site\/wp-json\/wp\/v2\/tags?post=43425"}],"curies":[{"name":"wp","href":"https:\/\/api.w.org\/{rel}","templated":true}]}}