{"id":43430,"date":"2020-10-12T08:00:52","date_gmt":"2020-10-12T11:00:52","guid":{"rendered":"https:\/\/clickcarangola.com.br\/site\/?p=43430"},"modified":"2020-10-12T10:50:43","modified_gmt":"2020-10-12T13:50:43","slug":"regiao-das-matas-de-minas-jovens-de-minas-gerais-buscam-o-sonho-do-cafe-especial","status":"publish","type":"post","link":"https:\/\/clickcarangola.com.br\/site\/12\/10\/2020\/regiao-das-matas-de-minas-jovens-de-minas-gerais-buscam-o-sonho-do-cafe-especial\/","title":{"rendered":"Regi\u00e3o das Matas de Minas: Jovens de Minas Gerais buscam o sonho do caf\u00e9 especial"},"content":{"rendered":"<p><img loading=\"lazy\" decoding=\"async\" class=\"alignleft\" src=\"https:\/\/clickcarangola.com.br\/site\/wp-content\/uploads\/2020\/10\/Jovens-de-Minas-Gerais-01.jpg\" alt=\"\" width=\"300\" height=\"226\" \/>FERVEDOURO \/ SIMON\u00c9SIA &#8211; Duas meninas que s\u00e3o apaixonadas pelo cultivo do caf\u00e9 foram destaque em rede nacional, neste domingo (11).<\/p>\n<p>Nascidas no principal estado produtor do gr\u00e3o, Minas Gerais, a jovem de 22 anos faz sucesso na produ\u00e7\u00e3o de caf\u00e9s especiais, j\u00e1 a menina de 07 anos est\u00e1 dando os primeiros passos na atividade.<!--more--><\/p>\n<p>A reportagem que destacou a hist\u00f3ria delas foi exibida neste domingo (11\/10), pelo Globo Rural, matinal da TV Globo.<\/p>\n<p>A mais nova \u00e9 a Sarah de F\u00e1tima Souza. Ela ficou conhecida ap\u00f3s um v\u00eddeo dela &#8220;viralizar&#8221; na internet.<\/p>\n<p>&#8220;Se algu\u00e9m a\u00ed sabe fazer caf\u00e9 especial, por favor, pode ajudar eu? Que eu sempre quis fazer caf\u00e9 especial. Quando eu crescer, eu sempre vou ficar na ro\u00e7a, n\u00e3o vou sair daqui at\u00e9 eu tiver uns 70 anos&#8221;, diz a menina no famoso v\u00eddeo.<\/p>\n<p>Sarah vive com a fam\u00edlia em uma propriedade na zona rural de Simon\u00e9sia. Muito comunicativa, mostra tudo que a fazenda tem, e o seu espa\u00e7o preferido: uma casa na \u00e1rvore.<\/p>\n<p>&#8220;Aqui na ro\u00e7a, n\u00f3s podemos subir na \u00e1rvore, correr para todo o lado, n\u00e3o precisa ter medo da estrada porque passa pouco carro. Aqui na ro\u00e7a \u00e9 mais emocionante&#8221;, explica.<\/p>\n<p>Al\u00e9m da escola, Sarah faz outras atividades, mas, a que mais gosta \u00e9 da lavoura de caf\u00e9. A produ\u00e7\u00e3o do ar\u00e1bica \u00e9 sustento da fam\u00edlia h\u00e1 mais de 70 anos. Para Sarah, \u00e9 uma divers\u00e3o.<\/p>\n<p>&#8220;Ela \u00e9 curiosa, se o p\u00e9 de caf\u00e9 est\u00e1 desfolhado, ela quer saber o motivo, se eu falo que faltou adubo ela acha ruim&#8221;, diz Marcos Ant\u00f4nio de Souza, pai da Sarah.<\/p>\n<p>E foi desse jeito espont\u00e2neo que a menina fez sucesso na internet. &#8220;Eu gosto do caf\u00e9, mas, tem tanta gente que compra caf\u00e9 e n\u00e3o sabe o tanto de esfor\u00e7o que a pessoa tem para fazer&#8221;, diz no v\u00eddeo que viralizou.<\/p>\n<p>A fama de Sarah foi t\u00e3o grande que chamou a aten\u00e7\u00e3o do Servi\u00e7o Nacional de Aprendizagem Rural (SENAR).<\/p>\n<p>&#8220;Atrav\u00e9s do v\u00eddeo da Sarah, o sindicato local se sensibilizou e selecionou a fam\u00edlia dela para um grupo de assist\u00eancia t\u00e9cnica e gerencial. Orientamos a produ\u00e7\u00e3o, o processamento e ajudamos a buscar mercado para esse caf\u00e9 com valor agregado&#8221;, explica Wanderley Miranda, agr\u00f4nomo do SENAR.<\/p>\n<p>Aos poucos, a fam\u00edlia est\u00e1 colocando os ensinamentos em pr\u00e1tica. &#8220;Essa experi\u00eancia est\u00e1 fazendo a gente crescer junto com a Sarah. No come\u00e7o, eu achei que era coisa de crian\u00e7a, mas, a insist\u00eancia dela foi tanta que hoje a gente est\u00e1 se permitindo sonhar&#8221;, diz Nat\u00e1lia Souza, m\u00e3e da menina.<\/p>\n<p>Nessa \u00faltima safra, a fam\u00edlia de Sarah j\u00e1 selecionou alguns dos melhores gr\u00e3os no p\u00e9 para dar um tratamento diferenciado.<\/p>\n<p>&#8220;Conseguimos fazer um caf\u00e9 com pontua\u00e7\u00e3o boa, conseguimos 82 pontos (em uma escala que vai at\u00e9 100), mas, tem caf\u00e9 ali que eu acho que vai chegar numa pontua\u00e7\u00e3o bem maior&#8221;, diz o pai de Sarah.<\/p>\n<p><strong>Inspira\u00e7\u00e3o<\/strong><\/p>\n<p>A menina conta que toda a inspira\u00e7\u00e3o para querer fazer caf\u00e9 especial foi um produtor experiente da regi\u00e3o. &#8220;Eu quero fazer caf\u00e9 que nem o senhor Hor\u00e1cio Moura&#8221;.<\/p>\n<p>A tradi\u00e7\u00e3o na produ\u00e7\u00e3o de caf\u00e9 est\u00e1 na fam\u00edlia de Hor\u00e1rio h\u00e1 seis gera\u00e7\u00f5es e, h\u00e1 17 anos, ele passou a investir nos gr\u00e3os especiais.<\/p>\n<p>A qualidade do caf\u00e9 dele ultrapassou as montanhas de Minas, e o produto j\u00e1 foi exportado para pa\u00edses como Chile, Portugal, Espanha e China. Nessa trajet\u00f3ria, o agricultor acumula pr\u00eamios. Com o dinheiro que ganhou deles, Hor\u00e1rio comprou brinquedos para doar para as crian\u00e7as da comunidade.<\/p>\n<p>&#8220;Pensei, quem deu tanto brinquedo, quem podia pagar tanto brinquedo? Perguntei para o meu pai, e ele disse que era um produtor de caf\u00e9 da regi\u00e3o, o Hor\u00e1rio Moura&#8221;, diz Sarah.<\/p>\n<p>&#8220;\u00c9 mais uma inspira\u00e7\u00e3o para que eu possa continuar isso a\u00ed. A gente at\u00e9 esquece o cansa\u00e7o, espero que apare\u00e7am mais crian\u00e7as interessadas&#8221;, diz Hor\u00e1cio. Foi a\u00ed que a amizade come\u00e7ou e fez a menina sonhar longe.<\/p>\n<p>&#8220;Nesse pr\u00eamio aqui (trof\u00e9u de Hor\u00e1cio), no lugar do nome dele, vai vir o meu: Sarah de F\u00e1tima Souza&#8221;.<\/p>\n<p><strong>A jovem que \u00e9 refer\u00eancia<\/strong><\/p>\n<p>Bruna Carolina da Silva, com 22 anos, produz caf\u00e9s especiais e ganhou at\u00e9 pr\u00eamio de qualidade. &#8220;Desde pequena eu ia para a ro\u00e7a, ajudava na colheita\u2026 quando eu era pequeninha, j\u00e1 ajudava no terreiro&#8221;, conta.<\/p>\n<p>A propriedade da fam\u00edlia de Bruna fica aos p\u00e9s da Serra do Brigadeiro, na zona rural de Fervedouro &#8211; a cerca de 32 km de Carangola, na Zona da Mata Mineira. Por aqui, o av\u00f4 da jovem trabalha na produ\u00e7\u00e3o de caf\u00e9 ar\u00e1bica h\u00e1 30 anos.<\/p>\n<p>&#8220;Primeiro, eu trabalhava com meu pai, sempre mexeu na lavoura, na ro\u00e7a. A gente plantava muita cana, fazia rapadura e depois apareceu o caf\u00e9 e eu fui plantando, passei para o C\u00e9lio (filho dele) e para a Bruna agora tamb\u00e9m&#8221;, explica o agricultor Jos\u00e9 Maria da Silva.<\/p>\n<p>E foi com essa experi\u00eancia da fam\u00edlia, que Bruna, come\u00e7ou a pensar em novos rumos para o neg\u00f3cio. A ideia era aliar a tradi\u00e7\u00e3o da propriedade com a produ\u00e7\u00e3o de gr\u00e3os especiais.<\/p>\n<p>Houve resist\u00eancia dos parentes, eles n\u00e3o queriam arriscar a produ\u00e7\u00e3o de variedades convencionais, afinal, era o que estava dando certo. Mesmo assim, ela persistiu e, com o dinheiro que tinha guardado, investiu na ideia. &#8220;Se der preju\u00edzo, eu que vou ter que pagar&#8221;, recorda Bruna.<\/p>\n<p>A produ\u00e7\u00e3o de caf\u00e9 especial exige uma dedica\u00e7\u00e3o maior e um tratamento diferenciado. Para n\u00e3o errar, a jovem procurou a Empresa de Assist\u00eancia T\u00e9cnica e Extens\u00e3o Rural (EMATER) de Minas Gerais.<\/p>\n<p>Com este apoio, Bruna descobriu os investimentos que precisava fazer e correu atr\u00e1s. A fam\u00edlia, no fim das contas, acabou embarcando na ideia e ajudou em todo o processo.<\/p>\n<p>Depois de colhido e tratado, o caf\u00e9 para se tornar especial precisa passar pela avalia\u00e7\u00e3o de profissionais que atestam a qualidade da bebida, e logo no primeiro ano, a jovem conseguiu uma boa nota: 82,25 em uma escala que vai at\u00e9 100.<\/p>\n<p>A iniciativa da empreendedora do campo rendeu at\u00e9 reconhecimento internacional. Bruna foi finalista de um pr\u00eamio da Organiza\u00e7\u00e3o das Na\u00e7\u00f5es Unidas (ONU) sobre juventude rural inovadora na Am\u00e9rica Latina e Caribe. Isso ajudou nos neg\u00f3cios, j\u00e1 que o caf\u00e9 dela ficou mais conhecido.<\/p>\n<p>&#8220;Eu nunca imaginei que o nosso caf\u00e9 fosse chegar t\u00e3o longe assim, foi muito bom para nossa fam\u00edlia e para nossa regi\u00e3o aqui&#8221;, comemora a jovem.<\/p>\n<p><strong>Confira as imagens:<\/strong><\/p>\n<p><img loading=\"lazy\" decoding=\"async\" src=\"https:\/\/clickcarangola.com.br\/site\/wp-content\/uploads\/2020\/10\/Jovens-de-Minas-Gerais-02.jpg\" alt=\"\" width=\"400\" height=\"300\" \/><br \/>\n<img loading=\"lazy\" decoding=\"async\" src=\"https:\/\/clickcarangola.com.br\/site\/wp-content\/uploads\/2020\/10\/Jovens-de-Minas-Gerais-03.jpg\" alt=\"\" width=\"400\" height=\"300\" \/><br \/>\n<img loading=\"lazy\" decoding=\"async\" src=\"https:\/\/clickcarangola.com.br\/site\/wp-content\/uploads\/2020\/10\/Jovens-de-Minas-Gerais-04.jpg\" alt=\"\" width=\"400\" height=\"300\" \/><br \/>\n<img loading=\"lazy\" decoding=\"async\" src=\"https:\/\/clickcarangola.com.br\/site\/wp-content\/uploads\/2020\/10\/Jovens-de-Minas-Gerais-05.jpg\" alt=\"\" width=\"400\" height=\"300\" \/><br \/>\n<img loading=\"lazy\" decoding=\"async\" src=\"https:\/\/clickcarangola.com.br\/site\/wp-content\/uploads\/2020\/10\/Jovens-de-Minas-Gerais-06.jpg\" alt=\"\" width=\"400\" height=\"300\" \/><br \/>\n<img loading=\"lazy\" decoding=\"async\" src=\"https:\/\/clickcarangola.com.br\/site\/wp-content\/uploads\/2020\/10\/Jovens-de-Minas-Gerais-07.jpg\" alt=\"\" width=\"400\" height=\"300\" \/><br \/>\n<img loading=\"lazy\" decoding=\"async\" src=\"https:\/\/clickcarangola.com.br\/site\/wp-content\/uploads\/2020\/10\/Jovens-de-Minas-Gerais-08.jpg\" alt=\"\" width=\"400\" height=\"300\" \/><br \/>\n<img loading=\"lazy\" decoding=\"async\" src=\"https:\/\/clickcarangola.com.br\/site\/wp-content\/uploads\/2020\/10\/Jovens-de-Minas-Gerais-09.jpg\" alt=\"\" width=\"400\" height=\"300\" \/><br \/>\n<img loading=\"lazy\" decoding=\"async\" src=\"https:\/\/clickcarangola.com.br\/site\/wp-content\/uploads\/2020\/10\/Jovens-de-Minas-Gerais-10.jpg\" alt=\"\" width=\"400\" height=\"300\" \/><\/p>\n<p><strong>Por: Click Carangola<\/strong> | Com informa\u00e7\u00f5es Globo Rural.<\/p>\n","protected":false},"excerpt":{"rendered":"<p>FERVEDOURO \/ SIMON\u00c9SIA &#8211; Duas meninas que s\u00e3o apaixonadas pelo cultivo do caf\u00e9 foram destaque em rede nacional, neste domingo (11). Nascidas no principal estado produtor do gr\u00e3o, Minas Gerais, a jovem de 22 anos faz sucesso na produ\u00e7\u00e3o de caf\u00e9s especiais, j\u00e1 a menina de 07 anos est\u00e1 dando os primeiros passos na atividade.<\/p>\n","protected":false},"author":2,"featured_media":0,"comment_status":"open","ping_status":"open","sticky":false,"template":"","format":"standard","meta":{"footnotes":""},"categories":[47,1],"tags":[],"class_list":["post-43430","post","type-post","status-publish","format-standard","hentry","category-fervedouro-mg","category-regional"],"_links":{"self":[{"href":"https:\/\/clickcarangola.com.br\/site\/wp-json\/wp\/v2\/posts\/43430","targetHints":{"allow":["GET"]}}],"collection":[{"href":"https:\/\/clickcarangola.com.br\/site\/wp-json\/wp\/v2\/posts"}],"about":[{"href":"https:\/\/clickcarangola.com.br\/site\/wp-json\/wp\/v2\/types\/post"}],"author":[{"embeddable":true,"href":"https:\/\/clickcarangola.com.br\/site\/wp-json\/wp\/v2\/users\/2"}],"replies":[{"embeddable":true,"href":"https:\/\/clickcarangola.com.br\/site\/wp-json\/wp\/v2\/comments?post=43430"}],"version-history":[{"count":6,"href":"https:\/\/clickcarangola.com.br\/site\/wp-json\/wp\/v2\/posts\/43430\/revisions"}],"predecessor-version":[{"id":43434,"href":"https:\/\/clickcarangola.com.br\/site\/wp-json\/wp\/v2\/posts\/43430\/revisions\/43434"}],"wp:attachment":[{"href":"https:\/\/clickcarangola.com.br\/site\/wp-json\/wp\/v2\/media?parent=43430"}],"wp:term":[{"taxonomy":"category","embeddable":true,"href":"https:\/\/clickcarangola.com.br\/site\/wp-json\/wp\/v2\/categories?post=43430"},{"taxonomy":"post_tag","embeddable":true,"href":"https:\/\/clickcarangola.com.br\/site\/wp-json\/wp\/v2\/tags?post=43430"}],"curies":[{"name":"wp","href":"https:\/\/api.w.org\/{rel}","templated":true}]}}