{"id":43674,"date":"2020-11-08T20:00:19","date_gmt":"2020-11-08T23:00:19","guid":{"rendered":"https:\/\/clickcarangola.com.br\/site\/?p=43674"},"modified":"2020-11-09T09:46:58","modified_gmt":"2020-11-09T12:46:58","slug":"duas-pessoas-morrem-em-grave-acidente-na-rodovia-mg-834-feridos-foram-encaminhados-ao-psr-24h","status":"publish","type":"post","link":"https:\/\/clickcarangola.com.br\/site\/08\/11\/2020\/duas-pessoas-morrem-em-grave-acidente-na-rodovia-mg-834-feridos-foram-encaminhados-ao-psr-24h\/","title":{"rendered":"Duas pessoas morrem em grave acidente na rodovia MG-834; feridos foram encaminhados ao PSR 24h"},"content":{"rendered":"<p><img loading=\"lazy\" decoding=\"async\" class=\"alignleft\" src=\"https:\/\/clickcarangola.com.br\/site\/wp-content\/uploads\/2020\/11\/Duas-pessoas-morrem-01.jpeg\" alt=\"\" width=\"300\" height=\"226\" \/>CAIANA \/ ESPERA FELIZ &#8211; Duas pessoas morreram em um grave acidente, envolvendo um Fiat Argo e um VW Gol, no km 03, da rodovia MG-834, entre Caiana e Espera Feliz, no in\u00edcio da noite deste domingo (08).<\/p>\n<p>Segundo a ocorr\u00eancia da Pol\u00edcia Militar Rodovi\u00e1ria (PMR), a colis\u00e3o frontal ocorreu em uma curva. O condutor do VW Gol, Sebasti\u00e3o Eduardo Reduzino, de 32 anos, e a passageira do Fiat Argo Brenda Abdalla Michel Silva, de 26 anos, morreram no local.<!--more--><\/p>\n<p>Equipes da Pol\u00edcia Militar (PM), populares e do Servi\u00e7o de Atendimento M\u00f3vel de Urg\u00eancia (SAMU 192), socorreram as v\u00edtimas para o Pronto Socorro Regional (PSR 24h) do Hospital Casa de Caridade de Carangola (HCCC). No VW Gol, foram encaminhados os passageiros Ana L\u00facia de Oliveira e Bruno Oliveira Reduzino. No Fiat Argo, o condutor Diego Amorim de Souza e os passageiros Victor Ananias Soares Lopes e Igor Modesto de Oliveira, com les\u00f5es graves.<\/p>\n<p>De acordo com a PRM, o condutor do Fiat Argo relatou que seguia sentido Caiana\/Espera Feliz e que na curva aconteceu o acidente, sem se lembrar de detalhes. Ele apresentava h\u00e1lito et\u00edlico, mas, se recusou a fazer o teste do baf\u00f4metro. A Carteira Nacional de Habilita\u00e7\u00e3o (CNH) do motorista foi recolhida, mas, ele ficou internado no HCCC, para a realiza\u00e7\u00e3o de uma cirurgia.<\/p>\n<p><strong>Confira as imagens:<\/strong><\/p>\n<p><img loading=\"lazy\" decoding=\"async\" src=\"https:\/\/clickcarangola.com.br\/site\/wp-content\/uploads\/2020\/11\/Duas-pessoas-morrem-02.jpg\" alt=\"\" width=\"400\" height=\"300\" \/><br \/>\n<img loading=\"lazy\" decoding=\"async\" src=\"https:\/\/clickcarangola.com.br\/site\/wp-content\/uploads\/2020\/11\/Duas-pessoas-morrem-03.jpg\" alt=\"\" width=\"400\" height=\"300\" \/><br \/>\n<img loading=\"lazy\" decoding=\"async\" src=\"https:\/\/clickcarangola.com.br\/site\/wp-content\/uploads\/2020\/11\/Duas-pessoas-morrem-04.jpg\" alt=\"\" width=\"400\" height=\"300\" \/><br \/>\n<img loading=\"lazy\" decoding=\"async\" src=\"https:\/\/clickcarangola.com.br\/site\/wp-content\/uploads\/2020\/11\/Duas-pessoas-morrem-05.jpg\" alt=\"\" width=\"400\" height=\"300\" \/><br \/>\n<img loading=\"lazy\" decoding=\"async\" src=\"https:\/\/clickcarangola.com.br\/site\/wp-content\/uploads\/2020\/11\/Duas-pessoas-morrem-06.jpg\" alt=\"\" width=\"400\" height=\"300\" \/><br \/>\n<img loading=\"lazy\" decoding=\"async\" src=\"https:\/\/clickcarangola.com.br\/site\/wp-content\/uploads\/2020\/11\/Duas-pessoas-morrem-07.jpg\" alt=\"\" width=\"400\" height=\"300\" \/><br \/>\n<img loading=\"lazy\" decoding=\"async\" src=\"https:\/\/clickcarangola.com.br\/site\/wp-content\/uploads\/2020\/11\/Duas-pessoas-morrem-08.jpg\" alt=\"\" width=\"400\" height=\"300\" \/><br \/>\n<img loading=\"lazy\" decoding=\"async\" src=\"https:\/\/clickcarangola.com.br\/site\/wp-content\/uploads\/2020\/11\/Duas-pessoas-morrem-09.jpg\" alt=\"\" width=\"400\" height=\"300\" \/><\/p>\n<p><strong>Por: Click Carangola<\/strong> | Com informa\u00e7\u00f5es da PMR e P. Capara\u00f3.<\/p>\n","protected":false},"excerpt":{"rendered":"<p>CAIANA \/ ESPERA FELIZ &#8211; Duas pessoas morreram em um grave acidente, envolvendo um Fiat Argo e um VW Gol, no km 03, da rodovia MG-834, entre Caiana e Espera Feliz, no in\u00edcio da noite deste domingo (08). Segundo a ocorr\u00eancia da Pol\u00edcia Militar Rodovi\u00e1ria (PMR), a colis\u00e3o frontal ocorreu em uma curva. O condutor [&hellip;]<\/p>\n","protected":false},"author":2,"featured_media":0,"comment_status":"open","ping_status":"open","sticky":false,"template":"","format":"standard","meta":{"footnotes":""},"categories":[41,45],"tags":[],"class_list":["post-43674","post","type-post","status-publish","format-standard","hentry","category-caiana-mg","category-esperafeliz-mg"],"_links":{"self":[{"href":"https:\/\/clickcarangola.com.br\/site\/wp-json\/wp\/v2\/posts\/43674","targetHints":{"allow":["GET"]}}],"collection":[{"href":"https:\/\/clickcarangola.com.br\/site\/wp-json\/wp\/v2\/posts"}],"about":[{"href":"https:\/\/clickcarangola.com.br\/site\/wp-json\/wp\/v2\/types\/post"}],"author":[{"embeddable":true,"href":"https:\/\/clickcarangola.com.br\/site\/wp-json\/wp\/v2\/users\/2"}],"replies":[{"embeddable":true,"href":"https:\/\/clickcarangola.com.br\/site\/wp-json\/wp\/v2\/comments?post=43674"}],"version-history":[{"count":11,"href":"https:\/\/clickcarangola.com.br\/site\/wp-json\/wp\/v2\/posts\/43674\/revisions"}],"predecessor-version":[{"id":43695,"href":"https:\/\/clickcarangola.com.br\/site\/wp-json\/wp\/v2\/posts\/43674\/revisions\/43695"}],"wp:attachment":[{"href":"https:\/\/clickcarangola.com.br\/site\/wp-json\/wp\/v2\/media?parent=43674"}],"wp:term":[{"taxonomy":"category","embeddable":true,"href":"https:\/\/clickcarangola.com.br\/site\/wp-json\/wp\/v2\/categories?post=43674"},{"taxonomy":"post_tag","embeddable":true,"href":"https:\/\/clickcarangola.com.br\/site\/wp-json\/wp\/v2\/tags?post=43674"}],"curies":[{"name":"wp","href":"https:\/\/api.w.org\/{rel}","templated":true}]}}