{"id":4397,"date":"2012-03-21T10:09:10","date_gmt":"2012-03-21T13:09:10","guid":{"rendered":"https:\/\/clickcarangola.com.br\/site\/?p=4397"},"modified":"2012-03-21T10:33:14","modified_gmt":"2012-03-21T13:33:14","slug":"obras-do-calcadao-em-carangola-comecam-nesta-quarta-feira-21","status":"publish","type":"post","link":"https:\/\/clickcarangola.com.br\/site\/21\/03\/2012\/obras-do-calcadao-em-carangola-comecam-nesta-quarta-feira-21\/","title":{"rendered":"Obras do cal\u00e7ad\u00e3o em Carangola come\u00e7am nesta quarta-feira (21)"},"content":{"rendered":"<p style=\"text-align: justify;\"><span style=\"color: #888888;\"><img loading=\"lazy\" decoding=\"async\" class=\"alignleft\" src=\"https:\/\/1.bp.blogspot.com\/-u6HEgA-JWGQ\/T2nQbhFqoyI\/AAAAAAAAA4w\/2DLuSJJxdRE\/s320\/Cal%C3%A7ad%C3%A3o_02.jpg\" border=\"0\" alt=\"\" width=\"300\" height=\"226\" \/>A Prefeitura Municipal de Carangola inicia\u00a0nesta quarta-feira (21),\u00a0a obra de revitaliza\u00e7\u00e3o do centro comercial com a constru\u00e7\u00e3o do novo cal\u00e7ad\u00e3o da rua Pedro de Oliveira.\u00a0<\/span><\/p>\n<p style=\"text-align: justify;\"><span style=\"color: #888888;\">O trecho inclu\u00eddo pelo projeto vai desde a esquina da Rua Pedro de Oliveira com a Travessa Ant\u00f4nio Themudo at\u00e9 a Pra\u00e7a Coronel Maximiano.<!--more-->\u00a0<\/span><\/p>\n<p style=\"text-align: justify;\"><span style=\"color: #888888;\">Cal\u00e7adas amplas, arborizadas, bancos para descanso e um projeto de ilumina\u00e7\u00e3o p\u00fablica de ponta comp\u00f5e o cen\u00e1rio\u00a0que ser\u00e1 visto ap\u00f3s os 90 dias de obras.<\/span><\/p>\n<p style=\"text-align: justify;\"><span style=\"color: #ff0000;\">Outras imagens:<\/span><\/p>\n<p style=\"text-align: justify;\"><span style=\"color: #ff0000;\"><img loading=\"lazy\" decoding=\"async\" src=\"https:\/\/4.bp.blogspot.com\/-l4G6k-qlKwU\/T2nQSj0BcuI\/AAAAAAAAA4o\/wqapZogZNwg\/s320\/Cal%C3%A7ad%C3%A3o_01.jpg\" border=\"0\" alt=\"\" width=\"300\" height=\"226\" \/><\/span><\/p>\n<p style=\"text-align: justify;\"><span style=\"color: #888888;\">Imagem do projeto da nova Pedro de Oliveira:<\/span><\/p>\n<p style=\"text-align: justify;\"><span style=\"color: #888888;\"><img loading=\"lazy\" decoding=\"async\" src=\"https:\/\/4.bp.blogspot.com\/-f81aaYHsZf0\/T2nQd0dYnoI\/AAAAAAAAA44\/2OZx0qpCV-U\/s320\/Cal%C3%A7ad%C3%A3o_03.jpg\" border=\"0\" alt=\"\" width=\"300\" height=\"226\" \/><\/span><\/p>\n<p style=\"text-align: justify;\"><strong><span style=\"color: #888888;\">Por: Click Carangola<\/span><\/strong><\/p>\n","protected":false},"excerpt":{"rendered":"<p>A Prefeitura Municipal de Carangola inicia\u00a0nesta quarta-feira (21),\u00a0a obra de revitaliza\u00e7\u00e3o do centro comercial com a constru\u00e7\u00e3o do novo cal\u00e7ad\u00e3o da rua Pedro de Oliveira.\u00a0 O trecho inclu\u00eddo pelo projeto vai desde a esquina da Rua Pedro de Oliveira com a Travessa Ant\u00f4nio Themudo at\u00e9 a Pra\u00e7a Coronel Maximiano.<\/p>\n","protected":false},"author":2,"featured_media":0,"comment_status":"open","ping_status":"open","sticky":false,"template":"","format":"standard","meta":{"footnotes":""},"categories":[37],"tags":[],"class_list":["post-4397","post","type-post","status-publish","format-standard","hentry","category-carangola-mg"],"_links":{"self":[{"href":"https:\/\/clickcarangola.com.br\/site\/wp-json\/wp\/v2\/posts\/4397","targetHints":{"allow":["GET"]}}],"collection":[{"href":"https:\/\/clickcarangola.com.br\/site\/wp-json\/wp\/v2\/posts"}],"about":[{"href":"https:\/\/clickcarangola.com.br\/site\/wp-json\/wp\/v2\/types\/post"}],"author":[{"embeddable":true,"href":"https:\/\/clickcarangola.com.br\/site\/wp-json\/wp\/v2\/users\/2"}],"replies":[{"embeddable":true,"href":"https:\/\/clickcarangola.com.br\/site\/wp-json\/wp\/v2\/comments?post=4397"}],"version-history":[{"count":8,"href":"https:\/\/clickcarangola.com.br\/site\/wp-json\/wp\/v2\/posts\/4397\/revisions"}],"predecessor-version":[{"id":4399,"href":"https:\/\/clickcarangola.com.br\/site\/wp-json\/wp\/v2\/posts\/4397\/revisions\/4399"}],"wp:attachment":[{"href":"https:\/\/clickcarangola.com.br\/site\/wp-json\/wp\/v2\/media?parent=4397"}],"wp:term":[{"taxonomy":"category","embeddable":true,"href":"https:\/\/clickcarangola.com.br\/site\/wp-json\/wp\/v2\/categories?post=4397"},{"taxonomy":"post_tag","embeddable":true,"href":"https:\/\/clickcarangola.com.br\/site\/wp-json\/wp\/v2\/tags?post=4397"}],"curies":[{"name":"wp","href":"https:\/\/api.w.org\/{rel}","templated":true}]}}