{"id":44099,"date":"2021-01-08T16:00:52","date_gmt":"2021-01-08T19:00:52","guid":{"rendered":"https:\/\/clickcarangola.com.br\/site\/?p=44099"},"modified":"2021-01-08T18:09:29","modified_gmt":"2021-01-08T21:09:29","slug":"prefeito-de-espera-feliz-renuncia-ao-cargo-novo-pleito-devera-ser-realizado-em-90-dias","status":"publish","type":"post","link":"https:\/\/clickcarangola.com.br\/site\/08\/01\/2021\/prefeito-de-espera-feliz-renuncia-ao-cargo-novo-pleito-devera-ser-realizado-em-90-dias\/","title":{"rendered":"Prefeito de Espera Feliz renuncia ao cargo; novo pleito dever\u00e1 ser realizado em 90 dias"},"content":{"rendered":"<p><img loading=\"lazy\" decoding=\"async\" class=\"alignleft\" src=\"https:\/\/clickcarangola.com.br\/site\/wp-content\/uploads\/2021\/01\/Prefeito-de-Espera-Feliz-renuncia.jpg\" alt=\"\" width=\"300\" height=\"226\" \/>ESPERA FELIZ &#8211; O prefeito de Espera Feliz, Rafael Peixoto Moraes (CIDADANIA), de 41 anos, emitiu um comunicado, na tarde desta sexta-feira (08), informando sua ren\u00fancia ao cargo de chefe do executivo municipal.<\/p>\n<p>Rafael foi eleito vice-prefeito nas elei\u00e7\u00f5es de novembro de 2020 e havia assumido o cargo de prefeito ap\u00f3s o falecimento de Dr. Maur\u00e9lio (na foto, Rafael ao lado do falecido prefeito eleito, durante a campanha).<!--more--><\/p>\n<p>No comunicado, ele ressaltou que a decis\u00e3o de ren\u00fancia se deve a fatores pessoais, somados \u00e0 incompatibilidade de tempo com sua profiss\u00e3o de cirurgi\u00e3o dentista.<\/p>\n<p><strong>Novas elei\u00e7\u00f5es<\/strong><\/p>\n<p><span style=\"font-size: 1.0625rem;\">Com a ren\u00fancia do prefeito, sem que haja um vice para substitui-lo, a legisla\u00e7\u00e3o eleitoral prev\u00ea a realiza\u00e7\u00e3o de novas elei\u00e7\u00f5es. <\/span>O presidente da c\u00e2mara de vereadores, R\u00f4mulo Quint\u00e3o, assumir\u00e1 temporariamente o cargo de prefeito at\u00e9 que novas elei\u00e7\u00f5es sejam realizadas no munic\u00edpio, localizado a 26 km de Carangola. A previs\u00e3o \u00e9 de que o novo pleito seja realizado num prazo de 90 dias.<\/p>\n<p><strong>Ren\u00fancia<\/strong><\/p>\n<p><em>Caros amigos de Espera Feliz,<\/em><\/p>\n<p><em>Hoje, 08 de Janeiro de 2021,\u00a0<strong>RENUNCIO\u00a0<\/strong>ao cargo de Prefeito da cidade de Espera Feliz.<\/em><\/p>\n<p><em>Esta decis\u00e3o foi tomada ap\u00f3s profunda reflex\u00e3o acerca de todo um processo que, em sua ess\u00eancia, se trata totalmente de ordem pessoal, somado ao meu not\u00f3rio desgaste f\u00edsico, mental e falta de compatibilidade de tempo com minha profiss\u00e3o.<\/em><\/p>\n<p><em>A todo o tempo, desde as primeiras reuni\u00f5es para se montar coliga\u00e7\u00e3o para a elei\u00e7\u00e3o, sempre disse que meu momento pessoal, familiar e profissional n\u00e3o me possibilitaria assumir o cargo de Prefeito Municipal, mas, por uma fatalidade, nunca antes vista em Espera Feliz, esse cargo veio a cair em minhas m\u00e3os.<\/em><\/p>\n<p><em>Agrade\u00e7o a Deus por ter me proporcionado essa pequena experi\u00eancia \u00e0 frente da administra\u00e7\u00e3o municipal.<\/em><\/p>\n<p><em>Sou imensamente grato \u00e0 equipe que me ajudou a governar e aos servidores municipais.<\/em><\/p>\n<p><em>Ao povo s\u00f3 tenho a agradecer pela confian\u00e7a e pelo carinho caracterizados nas elei\u00e7\u00f5es em que tive a oportunidade de concorrer como vice-prefeito e sair vitorioso nas urnas, bem como, nas muitas manifesta\u00e7\u00f5es quando ando pelas ruas da cidade, tanto no meio urbano quanto no meio rural. Rogo a todos que compreendam este momento e esta decis\u00e3o. <\/em><\/p>\n<p><em>Pe\u00e7o a toda equipe que hoje ajuda a governar o munic\u00edpio que continue trabalhando unida e com afinco em prol da nossa gente. A toler\u00e2ncia, o perd\u00e3o, a parceria, o companheirismo, a seriedade e acima de tudo a honestidade s\u00e3o fundamentais em qualquer empreitada, principalmente, na condi\u00e7\u00e3o em que se administra o dinheiro p\u00fablico e onde o maior patr\u00e3o de todos \u00e9 o cidad\u00e3o que paga as obras, os servi\u00e7os e ainda o nosso sal\u00e1rio.<\/em><\/p>\n<p><em>Gostaria de deixar claro, que continuarei junto aos projetos que participo, de forma volunt\u00e1ria, em prol de Espera Feliz, e que, agora a cidade poder\u00e1 escolher o pr\u00f3ximo prefeito com novas elei\u00e7\u00f5es, fazendo assim a vontade popular.<\/em><\/p>\n<p><em>Por fim, gostaria de deixar um agradecimento especial, primeiramente a Deus por me dar for\u00e7a para lutar, a todos da minha fam\u00edlia que sempre estiveram ao meu lado nessa caminhada, e aos amigos, pacientes e funcion\u00e1rios. Esclare\u00e7o, ainda, que o sal\u00e1rio relativo aos dias em que fiquei no cargo, ser\u00e1 integralmente doado a uma institui\u00e7\u00e3o de caridade.<\/em><\/p>\n<p><em>Espera Feliz, 08 de Janeiro de 2021<\/em><\/p>\n<p><em>Rafael Peixoto Moraes<\/em><\/p>\n<p><em>Prefeito Municipal<\/em><\/p>\n<p><strong>Por: Click Carangola<\/strong> | Com informa\u00e7\u00f5es P. Espera Feliz.<\/p>\n","protected":false},"excerpt":{"rendered":"<p>ESPERA FELIZ &#8211; O prefeito de Espera Feliz, Rafael Peixoto Moraes (CIDADANIA), de 41 anos, emitiu um comunicado, na tarde desta sexta-feira (08), informando sua ren\u00fancia ao cargo de chefe do executivo municipal. Rafael foi eleito vice-prefeito nas elei\u00e7\u00f5es de novembro de 2020 e havia assumido o cargo de prefeito ap\u00f3s o falecimento de Dr. [&hellip;]<\/p>\n","protected":false},"author":2,"featured_media":0,"comment_status":"open","ping_status":"open","sticky":false,"template":"","format":"standard","meta":{"footnotes":""},"categories":[45],"tags":[],"class_list":["post-44099","post","type-post","status-publish","format-standard","hentry","category-esperafeliz-mg"],"_links":{"self":[{"href":"https:\/\/clickcarangola.com.br\/site\/wp-json\/wp\/v2\/posts\/44099","targetHints":{"allow":["GET"]}}],"collection":[{"href":"https:\/\/clickcarangola.com.br\/site\/wp-json\/wp\/v2\/posts"}],"about":[{"href":"https:\/\/clickcarangola.com.br\/site\/wp-json\/wp\/v2\/types\/post"}],"author":[{"embeddable":true,"href":"https:\/\/clickcarangola.com.br\/site\/wp-json\/wp\/v2\/users\/2"}],"replies":[{"embeddable":true,"href":"https:\/\/clickcarangola.com.br\/site\/wp-json\/wp\/v2\/comments?post=44099"}],"version-history":[{"count":6,"href":"https:\/\/clickcarangola.com.br\/site\/wp-json\/wp\/v2\/posts\/44099\/revisions"}],"predecessor-version":[{"id":44106,"href":"https:\/\/clickcarangola.com.br\/site\/wp-json\/wp\/v2\/posts\/44099\/revisions\/44106"}],"wp:attachment":[{"href":"https:\/\/clickcarangola.com.br\/site\/wp-json\/wp\/v2\/media?parent=44099"}],"wp:term":[{"taxonomy":"category","embeddable":true,"href":"https:\/\/clickcarangola.com.br\/site\/wp-json\/wp\/v2\/categories?post=44099"},{"taxonomy":"post_tag","embeddable":true,"href":"https:\/\/clickcarangola.com.br\/site\/wp-json\/wp\/v2\/tags?post=44099"}],"curies":[{"name":"wp","href":"https:\/\/api.w.org\/{rel}","templated":true}]}}