{"id":4410,"date":"2012-03-21T07:48:01","date_gmt":"2012-03-21T10:48:01","guid":{"rendered":"https:\/\/clickcarangola.com.br\/site\/?p=4410"},"modified":"2012-03-21T11:20:31","modified_gmt":"2012-03-21T14:20:31","slug":"pm-apreende-arma-de-fogo-em-divino","status":"publish","type":"post","link":"https:\/\/clickcarangola.com.br\/site\/21\/03\/2012\/pm-apreende-arma-de-fogo-em-divino\/","title":{"rendered":"PM apreende arma de fogo em Divino"},"content":{"rendered":"<p style=\"text-align: justify;\"><img loading=\"lazy\" decoding=\"async\" class=\"alignleft\" src=\"https:\/\/www.radiomuriae.com.br\/admin\/am\/noticias\/fotos\/arma_ex.jpg\" alt=\"\" width=\"300\" height=\"226\" align=\"absMiddle\" \/><span style=\"color: #888888;\">Policiais militares da cidade de Divino apreenderam, na noite passada (20), na zona rural, um rev\u00f3lver calibre 38. O propriet\u00e1rio da arma foi preso e\u00a0conduzido para a delegacia de plant\u00e3o em Muria\u00e9, no bairro Safira.<\/span><\/p>\n<p style=\"text-align: justify;\"><span style=\"color: #888888;\">De acordo com o boletim de ocorr\u00eancia, o rapaz, de 29 anos, estava como passageiro em um VW Gol, que foi abordado durante patrulhamento pela zona rural. O rev\u00f3lver foi encontrado em sua cintura, carregado com apenas um cartucho. Ele disse estar de carona e que os outros dois homens que estavam no carro n\u00e3o sabiam sobre a arma.<!--more--><\/span><\/p>\n<p style=\"text-align: justify;\"><span style=\"color: #888888;\">O homem foi preso em flagrante por porte ilegal de arma de fogo. J\u00e1 os outros dois, foram liberados, assim como o ve\u00edculo, que estava com documenta\u00e7\u00e3o em dia. Com informa\u00e7\u00f5es da PM e R\u00e1dio Muria\u00e9.<\/span><\/p>\n<p style=\"text-align: justify;\"><span style=\"color: #ff0000;\">Outras imagens:<\/span><\/p>\n<p style=\"text-align: justify;\"><span style=\"color: #ff0000;\"><img loading=\"lazy\" decoding=\"async\" src=\"https:\/\/radiomuriae.com.br\/UserFiles\/pm e autor(1).jpg\" alt=\"\" width=\"300\" height=\"226\" \/><\/span><span style=\"color: #ff0000;\">\u00a0<\/span><\/p>\n<div><span style=\"color: #808080;\"><strong>Por: Click Carangola<\/strong><\/span><\/div>\n<div><span style=\"color: #808080;\"><strong>\u00a0<\/strong><\/span><\/div>\n","protected":false},"excerpt":{"rendered":"<p>Policiais militares da cidade de Divino apreenderam, na noite passada (20), na zona rural, um rev\u00f3lver calibre 38. O propriet\u00e1rio da arma foi preso e\u00a0conduzido para a delegacia de plant\u00e3o em Muria\u00e9, no bairro Safira. De acordo com o boletim de ocorr\u00eancia, o rapaz, de 29 anos, estava como passageiro em um VW Gol, que [&hellip;]<\/p>\n","protected":false},"author":2,"featured_media":0,"comment_status":"open","ping_status":"open","sticky":false,"template":"","format":"standard","meta":{"footnotes":""},"categories":[43],"tags":[],"class_list":["post-4410","post","type-post","status-publish","format-standard","hentry","category-divino-mg"],"_links":{"self":[{"href":"https:\/\/clickcarangola.com.br\/site\/wp-json\/wp\/v2\/posts\/4410","targetHints":{"allow":["GET"]}}],"collection":[{"href":"https:\/\/clickcarangola.com.br\/site\/wp-json\/wp\/v2\/posts"}],"about":[{"href":"https:\/\/clickcarangola.com.br\/site\/wp-json\/wp\/v2\/types\/post"}],"author":[{"embeddable":true,"href":"https:\/\/clickcarangola.com.br\/site\/wp-json\/wp\/v2\/users\/2"}],"replies":[{"embeddable":true,"href":"https:\/\/clickcarangola.com.br\/site\/wp-json\/wp\/v2\/comments?post=4410"}],"version-history":[{"count":7,"href":"https:\/\/clickcarangola.com.br\/site\/wp-json\/wp\/v2\/posts\/4410\/revisions"}],"predecessor-version":[{"id":4412,"href":"https:\/\/clickcarangola.com.br\/site\/wp-json\/wp\/v2\/posts\/4410\/revisions\/4412"}],"wp:attachment":[{"href":"https:\/\/clickcarangola.com.br\/site\/wp-json\/wp\/v2\/media?parent=4410"}],"wp:term":[{"taxonomy":"category","embeddable":true,"href":"https:\/\/clickcarangola.com.br\/site\/wp-json\/wp\/v2\/categories?post=4410"},{"taxonomy":"post_tag","embeddable":true,"href":"https:\/\/clickcarangola.com.br\/site\/wp-json\/wp\/v2\/tags?post=4410"}],"curies":[{"name":"wp","href":"https:\/\/api.w.org\/{rel}","templated":true}]}}