{"id":44194,"date":"2021-01-23T17:00:00","date_gmt":"2021-01-23T20:00:00","guid":{"rendered":"https:\/\/clickcarangola.com.br\/site\/?p=44194"},"modified":"2021-01-24T17:23:22","modified_gmt":"2021-01-24T20:23:22","slug":"jovem-de-26-anos-morre-afogado-em-bom-jesus-da-madeira-corpo-foi-encaminhado-ao-iml","status":"publish","type":"post","link":"https:\/\/clickcarangola.com.br\/site\/23\/01\/2021\/jovem-de-26-anos-morre-afogado-em-bom-jesus-da-madeira-corpo-foi-encaminhado-ao-iml\/","title":{"rendered":"Jovem de 26 anos morre afogado em Bom Jesus da Madeira; corpo foi encaminhado ao IML"},"content":{"rendered":"<p><img loading=\"lazy\" decoding=\"async\" class=\"alignleft\" src=\"https:\/\/clickcarangola.com.br\/site\/wp-content\/uploads\/2021\/01\/Jovem-de-26-anos-01.jpeg\" alt=\"\" width=\"300\" height=\"226\" \/>FERVEDOURO &#8211; Um jovem identificado como Lucas Teixeira Costa, de 26 anos, morreu ap\u00f3s se afogar nas \u00e1guas de uma cachoeira, no Distrito de Bom Jesus da Madeira, em Fervedouro &#8211; a cerca de 32 km de Carangola.<\/p>\n<p>Militares do Corpo de Bombeiros (CB) foram acionados e j\u00e1 no meio do caminho foram informados que o corpo do jovem havia sido localizado por populares.<!--more--><\/p>\n<p>A Pol\u00edcia Militar (PM) foi acionada e compareceu ao local juntamente com a per\u00edcia t\u00e9cnica da Pol\u00edcia Civil (PC).<\/p>\n<p>Ap\u00f3s os trabalhos, o cad\u00e1ver foi encaminhado para o Instituto M\u00e9dico Legal (IML).<\/p>\n<p><strong>Confira as imagens:<\/strong><\/p>\n<p><img loading=\"lazy\" decoding=\"async\" src=\"https:\/\/clickcarangola.com.br\/site\/wp-content\/uploads\/2021\/01\/Jovem-de-26-anos-02.jpeg\" alt=\"\" width=\"400\" height=\"300\" \/><br \/>\n<img loading=\"lazy\" decoding=\"async\" src=\"https:\/\/clickcarangola.com.br\/site\/wp-content\/uploads\/2021\/01\/Jovem-de-26-anos-03.jpeg\" alt=\"\" width=\"400\" height=\"300\" \/><br \/>\n<img loading=\"lazy\" decoding=\"async\" src=\"https:\/\/clickcarangola.com.br\/site\/wp-content\/uploads\/2021\/01\/Jovem-de-26-anos-04.jpeg\" alt=\"\" width=\"400\" height=\"300\" \/><\/p>\n<p><strong>Por: Click Carangola<\/strong> | Com informa\u00e7\u00f5es Paulo Roberto e R\u00e1dio Muria\u00e9.<\/p>\n","protected":false},"excerpt":{"rendered":"<p>FERVEDOURO &#8211; Um jovem identificado como Lucas Teixeira Costa, de 26 anos, morreu ap\u00f3s se afogar nas \u00e1guas de uma cachoeira, no Distrito de Bom Jesus da Madeira, em Fervedouro &#8211; a cerca de 32 km de Carangola. Militares do Corpo de Bombeiros (CB) foram acionados e j\u00e1 no meio do caminho foram informados que [&hellip;]<\/p>\n","protected":false},"author":2,"featured_media":0,"comment_status":"open","ping_status":"open","sticky":false,"template":"","format":"standard","meta":{"footnotes":""},"categories":[47],"tags":[],"class_list":["post-44194","post","type-post","status-publish","format-standard","hentry","category-fervedouro-mg"],"_links":{"self":[{"href":"https:\/\/clickcarangola.com.br\/site\/wp-json\/wp\/v2\/posts\/44194","targetHints":{"allow":["GET"]}}],"collection":[{"href":"https:\/\/clickcarangola.com.br\/site\/wp-json\/wp\/v2\/posts"}],"about":[{"href":"https:\/\/clickcarangola.com.br\/site\/wp-json\/wp\/v2\/types\/post"}],"author":[{"embeddable":true,"href":"https:\/\/clickcarangola.com.br\/site\/wp-json\/wp\/v2\/users\/2"}],"replies":[{"embeddable":true,"href":"https:\/\/clickcarangola.com.br\/site\/wp-json\/wp\/v2\/comments?post=44194"}],"version-history":[{"count":5,"href":"https:\/\/clickcarangola.com.br\/site\/wp-json\/wp\/v2\/posts\/44194\/revisions"}],"predecessor-version":[{"id":44201,"href":"https:\/\/clickcarangola.com.br\/site\/wp-json\/wp\/v2\/posts\/44194\/revisions\/44201"}],"wp:attachment":[{"href":"https:\/\/clickcarangola.com.br\/site\/wp-json\/wp\/v2\/media?parent=44194"}],"wp:term":[{"taxonomy":"category","embeddable":true,"href":"https:\/\/clickcarangola.com.br\/site\/wp-json\/wp\/v2\/categories?post=44194"},{"taxonomy":"post_tag","embeddable":true,"href":"https:\/\/clickcarangola.com.br\/site\/wp-json\/wp\/v2\/tags?post=44194"}],"curies":[{"name":"wp","href":"https:\/\/api.w.org\/{rel}","templated":true}]}}