{"id":44379,"date":"2021-02-13T08:00:04","date_gmt":"2021-02-13T11:00:04","guid":{"rendered":"https:\/\/clickcarangola.com.br\/site\/?p=44379"},"modified":"2021-02-13T17:39:12","modified_gmt":"2021-02-13T20:39:12","slug":"apos-perseguicao-policia-rodoviaria-federal-prf-recupera-na-br-116-carro-furtado-em-espera-feliz","status":"publish","type":"post","link":"https:\/\/clickcarangola.com.br\/site\/13\/02\/2021\/apos-perseguicao-policia-rodoviaria-federal-prf-recupera-na-br-116-carro-furtado-em-espera-feliz\/","title":{"rendered":"Ap\u00f3s persegui\u00e7\u00e3o, Pol\u00edcia Rodovi\u00e1ria Federal (PRF) recupera na BR-116, carro furtado em Espera Feliz"},"content":{"rendered":"<p><img loading=\"lazy\" decoding=\"async\" class=\"alignleft\" src=\"https:\/\/clickcarangola.com.br\/site\/wp-content\/uploads\/2021\/02\/Carro-furtado-em-Espera-Feliz.jpeg\" alt=\"\" width=\"300\" height=\"226\" \/>MURIA\u00c9 &#8211; A Pol\u00edcia Rodovi\u00e1ria Federal (PRF) recuperou no final da tarde desta sexta-feira (12), um carro que havia sido furtado no dia 11 de novembro do ano passado, em Espera Feliz.<\/p>\n<p>A PRF informou que a apreens\u00e3o ocorreu durante um patrulhamento pelo km 707 da BR-116. Os policiais deram a ordem para o motorista parar, ele n\u00e3o obedeceu e empregou fuga sentido \u00e0 regi\u00e3o central de Muria\u00e9.<!--more--><\/p>\n<p>Ao entrar na contram\u00e3o, ele abandonou o ve\u00edculo e fugiu. Durante a verifica\u00e7\u00e3o no sistema policial, foi constatado que o ve\u00edculo havia sido usado em pr\u00e1ticas criminais na regi\u00e3o.<\/p>\n<p>O carro foi removido para um p\u00e1tio credenciado ao Departamento de Tr\u00e2nsito de Minas Gerais (DETRAN-MG) e a ocorr\u00eancia encaminhada \u00e0 Pol\u00edcia Civil (PC).<\/p>\n<p><strong>Por: Click Carangola<\/strong> | Com informa\u00e7\u00f5es da PRF e R\u00e1dio Muria\u00e9.<\/p>\n","protected":false},"excerpt":{"rendered":"<p>MURIA\u00c9 &#8211; A Pol\u00edcia Rodovi\u00e1ria Federal (PRF) recuperou no final da tarde desta sexta-feira (12), um carro que havia sido furtado no dia 11 de novembro do ano passado, em Espera Feliz. A PRF informou que a apreens\u00e3o ocorreu durante um patrulhamento pelo km 707 da BR-116. Os policiais deram a ordem para o motorista [&hellip;]<\/p>\n","protected":false},"author":2,"featured_media":0,"comment_status":"open","ping_status":"open","sticky":false,"template":"","format":"standard","meta":{"footnotes":""},"categories":[45],"tags":[],"class_list":["post-44379","post","type-post","status-publish","format-standard","hentry","category-esperafeliz-mg"],"_links":{"self":[{"href":"https:\/\/clickcarangola.com.br\/site\/wp-json\/wp\/v2\/posts\/44379","targetHints":{"allow":["GET"]}}],"collection":[{"href":"https:\/\/clickcarangola.com.br\/site\/wp-json\/wp\/v2\/posts"}],"about":[{"href":"https:\/\/clickcarangola.com.br\/site\/wp-json\/wp\/v2\/types\/post"}],"author":[{"embeddable":true,"href":"https:\/\/clickcarangola.com.br\/site\/wp-json\/wp\/v2\/users\/2"}],"replies":[{"embeddable":true,"href":"https:\/\/clickcarangola.com.br\/site\/wp-json\/wp\/v2\/comments?post=44379"}],"version-history":[{"count":5,"href":"https:\/\/clickcarangola.com.br\/site\/wp-json\/wp\/v2\/posts\/44379\/revisions"}],"predecessor-version":[{"id":44382,"href":"https:\/\/clickcarangola.com.br\/site\/wp-json\/wp\/v2\/posts\/44379\/revisions\/44382"}],"wp:attachment":[{"href":"https:\/\/clickcarangola.com.br\/site\/wp-json\/wp\/v2\/media?parent=44379"}],"wp:term":[{"taxonomy":"category","embeddable":true,"href":"https:\/\/clickcarangola.com.br\/site\/wp-json\/wp\/v2\/categories?post=44379"},{"taxonomy":"post_tag","embeddable":true,"href":"https:\/\/clickcarangola.com.br\/site\/wp-json\/wp\/v2\/tags?post=44379"}],"curies":[{"name":"wp","href":"https:\/\/api.w.org\/{rel}","templated":true}]}}