{"id":44701,"date":"2021-04-02T08:00:55","date_gmt":"2021-04-02T11:00:55","guid":{"rendered":"https:\/\/clickcarangola.com.br\/site\/?p=44701"},"modified":"2021-04-02T17:00:26","modified_gmt":"2021-04-02T20:00:26","slug":"por-ciumes-mulher-de-38-anos-mata-outra-de-45-com-ao-menos-12-facadas-autora-do-crime-fugiu","status":"publish","type":"post","link":"https:\/\/clickcarangola.com.br\/site\/02\/04\/2021\/por-ciumes-mulher-de-38-anos-mata-outra-de-45-com-ao-menos-12-facadas-autora-do-crime-fugiu\/","title":{"rendered":"Por ci\u00fames, mulher de 38 anos mata outra de 45 com ao menos 12 facadas; autora do crime fugiu"},"content":{"rendered":"<p><img loading=\"lazy\" decoding=\"async\" class=\"alignleft\" src=\"https:\/\/clickcarangola.com.br\/site\/wp-content\/uploads\/2021\/04\/Mulher-de-38-anos-mata-outra-de-45.jpg\" alt=\"\" width=\"300\" height=\"226\" \/>ESPERA FELIZ &#8211; Uma mulher de 38 anos matou outra de 45 anos, no povoado S\u00e3o Jos\u00e9 da Pedra Menina, zona rural de Espera Feliz, na divisa com o estado do Esp\u00edrito Santo. O crime foi registrado no final da tarde desta quinta-feira (01).<\/p>\n<p>Segundo a Pol\u00edcia Militar (PM), foram acionados por volta de 17 horas. Foi apurado junto \u00e0s testemunhas que o fato ocorreu por motivos passionais, pois, o am\u00e1sio da autora teria ido at\u00e9 a casa da v\u00edtima e retirado uma antena de televis\u00e3o e, se dirigido at\u00e9 a lanchonete e l\u00e1 instalado o equipamento.<!--more--><\/p>\n<p><span style=\"font-size: 1.0625rem;\">Ainda de acordo com a PM, passado algum tempo, quando a v\u00edtima estava sozinha no interior da lanchonete, foi surpreendida pela autora de 38 anos que desferiu golpes de faca no pesco\u00e7o, no t\u00f3rax e no bra\u00e7o da mulher de 45 anos. No total, foram cerca de doze golpes.<\/span><\/p>\n<p>Ap\u00f3s o crime, a autora fugiu pelo campo de futebol tomando rumo de uma lavoura de caf\u00e9.<\/p>\n<p>Equipes da PM foram at\u00e9 a comunidade e continuam em rastreamento. O Servi\u00e7o de Atendimento M\u00f3vel de Urg\u00eancia (SAMU 192) tamb\u00e9m compareceu, mas n\u00e3o havia o que fazer. A v\u00edtima Neuma Souza Neres morreu no local.<\/p>\n<p><strong>Por: Click Carangola<\/strong> | Com informa\u00e7\u00f5es da PM e P. Capara\u00f3.<\/p>\n","protected":false},"excerpt":{"rendered":"<p>ESPERA FELIZ &#8211; Uma mulher de 38 anos matou outra de 45 anos, no povoado S\u00e3o Jos\u00e9 da Pedra Menina, zona rural de Espera Feliz, na divisa com o estado do Esp\u00edrito Santo. O crime foi registrado no final da tarde desta quinta-feira (01). Segundo a Pol\u00edcia Militar (PM), foram acionados por volta de 17 [&hellip;]<\/p>\n","protected":false},"author":2,"featured_media":0,"comment_status":"open","ping_status":"open","sticky":false,"template":"","format":"standard","meta":{"footnotes":""},"categories":[45],"tags":[],"class_list":["post-44701","post","type-post","status-publish","format-standard","hentry","category-esperafeliz-mg"],"_links":{"self":[{"href":"https:\/\/clickcarangola.com.br\/site\/wp-json\/wp\/v2\/posts\/44701","targetHints":{"allow":["GET"]}}],"collection":[{"href":"https:\/\/clickcarangola.com.br\/site\/wp-json\/wp\/v2\/posts"}],"about":[{"href":"https:\/\/clickcarangola.com.br\/site\/wp-json\/wp\/v2\/types\/post"}],"author":[{"embeddable":true,"href":"https:\/\/clickcarangola.com.br\/site\/wp-json\/wp\/v2\/users\/2"}],"replies":[{"embeddable":true,"href":"https:\/\/clickcarangola.com.br\/site\/wp-json\/wp\/v2\/comments?post=44701"}],"version-history":[{"count":5,"href":"https:\/\/clickcarangola.com.br\/site\/wp-json\/wp\/v2\/posts\/44701\/revisions"}],"predecessor-version":[{"id":44707,"href":"https:\/\/clickcarangola.com.br\/site\/wp-json\/wp\/v2\/posts\/44701\/revisions\/44707"}],"wp:attachment":[{"href":"https:\/\/clickcarangola.com.br\/site\/wp-json\/wp\/v2\/media?parent=44701"}],"wp:term":[{"taxonomy":"category","embeddable":true,"href":"https:\/\/clickcarangola.com.br\/site\/wp-json\/wp\/v2\/categories?post=44701"},{"taxonomy":"post_tag","embeddable":true,"href":"https:\/\/clickcarangola.com.br\/site\/wp-json\/wp\/v2\/tags?post=44701"}],"curies":[{"name":"wp","href":"https:\/\/api.w.org\/{rel}","templated":true}]}}