{"id":44813,"date":"2021-04-13T18:00:53","date_gmt":"2021-04-13T21:00:53","guid":{"rendered":"https:\/\/clickcarangola.com.br\/site\/?p=44813"},"modified":"2021-04-14T17:44:33","modified_gmt":"2021-04-14T20:44:33","slug":"menor-suspeito-de-torturar-e-matar-adolescente-de-17-anos-e-apresentado-a-policia-civil-pc","status":"publish","type":"post","link":"https:\/\/clickcarangola.com.br\/site\/13\/04\/2021\/menor-suspeito-de-torturar-e-matar-adolescente-de-17-anos-e-apresentado-a-policia-civil-pc\/","title":{"rendered":"Menor suspeito de torturar e matar adolescente de 17 anos \u00e9 apresentado \u00e0 Pol\u00edcia Civil (PC)"},"content":{"rendered":"<p><img loading=\"lazy\" decoding=\"async\" class=\"alignleft\" src=\"https:\/\/clickcarangola.com.br\/site\/wp-content\/uploads\/2021\/04\/Menor-suspeito-de-torturar-01.jpeg\" alt=\"\" width=\"300\" height=\"226\" \/>MURIA\u00c9 &#8211; Foi apresentado \u00e0 delegacia de Pol\u00edcia Civil (PC), na tarde desta ter\u00e7a-feira (13), o principal suspeito de torturar e matar o adolescente Dejair Fernandes da Silva, de 17 anos, natural de Divino.<\/p>\n<p>Trata-se de um menor de idade, tamb\u00e9m de 17 anos, morador do Bairro Uni\u00e3o. De acordo com as investiga\u00e7\u00f5es realizadas pela Delegacia de Homic\u00eddios e Prote\u00e7\u00e3o \u00e0 Pessoa (DHPP), o suspeito \u00e9 apontado como gerente do tr\u00e1fico de drogas no bairro.<!--more--><\/p>\n<p>Segundo informa\u00e7\u00f5es, a v\u00edtima foi morta ap\u00f3s ter roubado um celular de uma moradora no local. O menor, como forma de fazer justi\u00e7a com as pr\u00f3prias m\u00e3os, capturou Dejair e torturou com pauladas. N\u00e3o satisfeito, amarrou as m\u00e3os e a boca da v\u00edtima e a jogou no Rio Preto ainda com vida. A causa da morte foi apontada como afogamento.<\/p>\n<p>Ainda de acordo com o delgado que est\u00e1 \u00e0 frente da investiga\u00e7\u00e3o, Tayrony Esp\u00edndola, durante o depoimento do suspeito, ele disse que por diversos momentos, a v\u00edtima, durante a sess\u00e3o de tortura, pediu para ser executada rapidamente, pedido que n\u00e3o foi atendido por ele.<\/p>\n<p>&#8220;O adolescente em nenhum momento demonstrou arrependimento. N\u00f3s estamos tratando de uma pessoa que possui uma personalidade altamente desviante que impressiona pela gravidade dos fatos e pela postura dele ap\u00f3s o crime&#8221;, disse o delegado.<\/p>\n<p>Ap\u00f3s ter seu depoimento colhido, ele foi liberado. A Pol\u00edcia Civil (PC) dar\u00e1 continuidade \u00e0s investiga\u00e7\u00f5es.<\/p>\n<p><strong>Entenda o caso<\/strong><\/p>\n<p>O corpo de Dejair foi encontrado no domingo (11), boiando \u00e0s margens do Rio Preto, na altura do Bairro S\u00e3o Jos\u00e9.<\/p>\n<p>A v\u00edtima estava com as m\u00e3os amarradas e com a boca amorda\u00e7ada. A Pol\u00edcia Militar (PM) registrou a ocorr\u00eancia e ap\u00f3s a realiza\u00e7\u00e3o dos procedimentos periciais, o corpo foi levado para o Instituto M\u00e9dico Legal (IML) e liberado pela fam\u00edlia.<\/p>\n<p><strong>Confira as imagens e o v\u00eddeo:<\/strong><\/p>\n<p><img loading=\"lazy\" decoding=\"async\" src=\"https:\/\/clickcarangola.com.br\/site\/wp-content\/uploads\/2021\/04\/Menor-suspeito-de-torturar-02.jpg\" alt=\"\" width=\"400\" height=\"300\" \/><br \/>\n<iframe loading=\"lazy\" style=\"border: none; overflow: hidden;\" src=\"https:\/\/www.facebook.com\/plugins\/video.php?href=https%3A%2F%2Fwww.facebook.com%2Fclick.carangola%2Fvideos%2F355263209255996%2F&amp;show_text=0&amp;width=560\" width=\"560\" height=\"316\" frameborder=\"0\" scrolling=\"no\" allowfullscreen=\"allowfullscreen\"><\/iframe><\/p>\n<p><strong>Por: Click Carangola<\/strong> | Com informa\u00e7\u00f5es da PC e R\u00e1dio Muria\u00e9.<\/p>\n","protected":false},"excerpt":{"rendered":"<p>MURIA\u00c9 &#8211; Foi apresentado \u00e0 delegacia de Pol\u00edcia Civil (PC), na tarde desta ter\u00e7a-feira (13), o principal suspeito de torturar e matar o adolescente Dejair Fernandes da Silva, de 17 anos, natural de Divino. Trata-se de um menor de idade, tamb\u00e9m de 17 anos, morador do Bairro Uni\u00e3o. De acordo com as investiga\u00e7\u00f5es realizadas pela [&hellip;]<\/p>\n","protected":false},"author":2,"featured_media":0,"comment_status":"open","ping_status":"open","sticky":false,"template":"","format":"standard","meta":{"footnotes":""},"categories":[43,1],"tags":[],"class_list":["post-44813","post","type-post","status-publish","format-standard","hentry","category-divino-mg","category-regional"],"_links":{"self":[{"href":"https:\/\/clickcarangola.com.br\/site\/wp-json\/wp\/v2\/posts\/44813","targetHints":{"allow":["GET"]}}],"collection":[{"href":"https:\/\/clickcarangola.com.br\/site\/wp-json\/wp\/v2\/posts"}],"about":[{"href":"https:\/\/clickcarangola.com.br\/site\/wp-json\/wp\/v2\/types\/post"}],"author":[{"embeddable":true,"href":"https:\/\/clickcarangola.com.br\/site\/wp-json\/wp\/v2\/users\/2"}],"replies":[{"embeddable":true,"href":"https:\/\/clickcarangola.com.br\/site\/wp-json\/wp\/v2\/comments?post=44813"}],"version-history":[{"count":8,"href":"https:\/\/clickcarangola.com.br\/site\/wp-json\/wp\/v2\/posts\/44813\/revisions"}],"predecessor-version":[{"id":44818,"href":"https:\/\/clickcarangola.com.br\/site\/wp-json\/wp\/v2\/posts\/44813\/revisions\/44818"}],"wp:attachment":[{"href":"https:\/\/clickcarangola.com.br\/site\/wp-json\/wp\/v2\/media?parent=44813"}],"wp:term":[{"taxonomy":"category","embeddable":true,"href":"https:\/\/clickcarangola.com.br\/site\/wp-json\/wp\/v2\/categories?post=44813"},{"taxonomy":"post_tag","embeddable":true,"href":"https:\/\/clickcarangola.com.br\/site\/wp-json\/wp\/v2\/tags?post=44813"}],"curies":[{"name":"wp","href":"https:\/\/api.w.org\/{rel}","templated":true}]}}