{"id":44965,"date":"2021-05-12T08:00:32","date_gmt":"2021-05-12T11:00:32","guid":{"rendered":"https:\/\/clickcarangola.com.br\/site\/?p=44965"},"modified":"2021-05-12T16:44:06","modified_gmt":"2021-05-12T19:44:06","slug":"acusado-de-homicidio-e-preso-pela-policia-civil-pc-decisao-foi-pautada-na-garantia-da-ordem-publica","status":"publish","type":"post","link":"https:\/\/clickcarangola.com.br\/site\/12\/05\/2021\/acusado-de-homicidio-e-preso-pela-policia-civil-pc-decisao-foi-pautada-na-garantia-da-ordem-publica\/","title":{"rendered":"Acusado de homic\u00eddio \u00e9 preso pela Pol\u00edcia Civil (PC); decis\u00e3o foi pautada na garantia da ordem p\u00fablica"},"content":{"rendered":"<p><img loading=\"lazy\" decoding=\"async\" class=\"alignleft\" src=\"https:\/\/clickcarangola.com.br\/site\/wp-content\/uploads\/2021\/05\/Acusado-de-homic\u00eddio-\u00e9-preso.jpg\" alt=\"\" width=\"300\" height=\"226\" \/>ESPERA FELIZ &#8211; A 34\u00aa delegacia de Pol\u00edcia Civil (PC) de Espera Feliz cumpriu nesta quarta-feira, dia 12\/05, o mandado de pris\u00e3o preventiva de um homem acusado de homic\u00eddio.<\/p>\n<p>A ordem foi expedida pela ju\u00edza de direito da vara \u00fanica da comarca de Dores do Rio Preto-ES Dra. Rosemery Toalhar Loureira e Carvalho em desfavor de J. M. S. N.<!--more--><\/p>\n<p>Segundo apurado pela Pol\u00edcia Civil (PC), ele \u00e9 acusado de participa\u00e7\u00e3o no homic\u00eddio ocorrido na localidade &#8220;Patrim\u00f4nio do Mundo Novo&#8221;, Dores do Rio Preto-ES.<\/p>\n<p>A decis\u00e3o foi pautada na garantia da ordem p\u00fablica, conveni\u00eancia da instru\u00e7\u00e3o criminal e seguran\u00e7a de futura aplica\u00e7\u00e3o da lei penal.<\/p>\n<p>O acusado foi encaminhado ao centro de deten\u00e7\u00e3o de Ipatinga-MG e permanece \u00e0 disposi\u00e7\u00e3o da justi\u00e7a do Esp\u00edrito Santo.<\/p>\n<p><strong>Por: Click Carangola<\/strong> | Com informa\u00e7\u00f5es da PC e P. Capara\u00f3.<\/p>\n","protected":false},"excerpt":{"rendered":"<p>ESPERA FELIZ &#8211; A 34\u00aa delegacia de Pol\u00edcia Civil (PC) de Espera Feliz cumpriu nesta quarta-feira, dia 12\/05, o mandado de pris\u00e3o preventiva de um homem acusado de homic\u00eddio. A ordem foi expedida pela ju\u00edza de direito da vara \u00fanica da comarca de Dores do Rio Preto-ES Dra. Rosemery Toalhar Loureira e Carvalho em desfavor [&hellip;]<\/p>\n","protected":false},"author":2,"featured_media":0,"comment_status":"open","ping_status":"open","sticky":false,"template":"","format":"standard","meta":{"footnotes":""},"categories":[45],"tags":[],"class_list":["post-44965","post","type-post","status-publish","format-standard","hentry","category-esperafeliz-mg"],"_links":{"self":[{"href":"https:\/\/clickcarangola.com.br\/site\/wp-json\/wp\/v2\/posts\/44965","targetHints":{"allow":["GET"]}}],"collection":[{"href":"https:\/\/clickcarangola.com.br\/site\/wp-json\/wp\/v2\/posts"}],"about":[{"href":"https:\/\/clickcarangola.com.br\/site\/wp-json\/wp\/v2\/types\/post"}],"author":[{"embeddable":true,"href":"https:\/\/clickcarangola.com.br\/site\/wp-json\/wp\/v2\/users\/2"}],"replies":[{"embeddable":true,"href":"https:\/\/clickcarangola.com.br\/site\/wp-json\/wp\/v2\/comments?post=44965"}],"version-history":[{"count":2,"href":"https:\/\/clickcarangola.com.br\/site\/wp-json\/wp\/v2\/posts\/44965\/revisions"}],"predecessor-version":[{"id":44968,"href":"https:\/\/clickcarangola.com.br\/site\/wp-json\/wp\/v2\/posts\/44965\/revisions\/44968"}],"wp:attachment":[{"href":"https:\/\/clickcarangola.com.br\/site\/wp-json\/wp\/v2\/media?parent=44965"}],"wp:term":[{"taxonomy":"category","embeddable":true,"href":"https:\/\/clickcarangola.com.br\/site\/wp-json\/wp\/v2\/categories?post=44965"},{"taxonomy":"post_tag","embeddable":true,"href":"https:\/\/clickcarangola.com.br\/site\/wp-json\/wp\/v2\/tags?post=44965"}],"curies":[{"name":"wp","href":"https:\/\/api.w.org\/{rel}","templated":true}]}}