{"id":45073,"date":"2021-05-28T08:00:24","date_gmt":"2021-05-28T11:00:24","guid":{"rendered":"https:\/\/clickcarangola.com.br\/site\/?p=45073"},"modified":"2021-05-29T18:15:34","modified_gmt":"2021-05-29T21:15:34","slug":"crianca-de-11-anos-morre-em-acidente-em-secador-de-cafe-circunstancias-estao-sendo-apuradas","status":"publish","type":"post","link":"https:\/\/clickcarangola.com.br\/site\/28\/05\/2021\/crianca-de-11-anos-morre-em-acidente-em-secador-de-cafe-circunstancias-estao-sendo-apuradas\/","title":{"rendered":"Crian\u00e7a de 11 anos morre em acidente em secador de caf\u00e9; circunst\u00e2ncias est\u00e3o sendo apuradas"},"content":{"rendered":"<p><a href=\"https:\/\/clickcarangola.com.br\/site\/wp-content\/uploads\/2021\/05\/Crian\u00e7a-de-11-anos.jpg\"><img loading=\"lazy\" decoding=\"async\" class=\"alignleft size-full wp-image-45074\" src=\"https:\/\/clickcarangola.com.br\/site\/wp-content\/uploads\/2021\/05\/Crian\u00e7a-de-11-anos.jpg\" alt=\"\" width=\"300\" height=\"226\" srcset=\"https:\/\/clickcarangola.com.br\/site\/wp-content\/uploads\/2021\/05\/Crian\u00e7a-de-11-anos.jpg 1280w, https:\/\/clickcarangola.com.br\/site\/wp-content\/uploads\/2021\/05\/Crian\u00e7a-de-11-anos-300x225.jpg 300w, https:\/\/clickcarangola.com.br\/site\/wp-content\/uploads\/2021\/05\/Crian\u00e7a-de-11-anos-1024x768.jpg 1024w, https:\/\/clickcarangola.com.br\/site\/wp-content\/uploads\/2021\/05\/Crian\u00e7a-de-11-anos-768x576.jpg 768w\" sizes=\"auto, (max-width: 300px) 100vw, 300px\" \/><\/a>ALTO JEQUITIB\u00c1 &#8211; Uma crian\u00e7a de 11 anos morreu num acidente na propriedade rural localizada no &#8220;C\u00f3rrego dos Knupp&#8221;, em Alto Jequitib\u00e1, no final da manh\u00e3 desta quinta-feira (27).<\/p>\n<p>As circunst\u00e2ncias do acidente ainda est\u00e3o sendo apuradas. Aparentemente, Kaio Ferreira Martins, de 11 anos, costumava brincar em torno do secador de caf\u00e9 da propriedade. Ele teria sofrido uma queda no equipamento.<!--more--><\/p>\n<p>Vizinhos e trabalhadores da propriedade tentaram prestar os primeiros socorros. O garoto foi levado para o servi\u00e7o de sa\u00fade de Alto Jequitib\u00e1, mas chegou sem vida.<\/p>\n<p>A Pol\u00edcia Militar (PM) registrou ocorr\u00eancia. A Pol\u00edcia Civil (PC) foi acionada para a per\u00edcia.<\/p>\n<p><strong>Por: Click Carangola<\/strong> | Com informa\u00e7\u00f5es da PM e P. Capara\u00f3.<\/p>\n","protected":false},"excerpt":{"rendered":"<p>ALTO JEQUITIB\u00c1 &#8211; Uma crian\u00e7a de 11 anos morreu num acidente na propriedade rural localizada no &#8220;C\u00f3rrego dos Knupp&#8221;, em Alto Jequitib\u00e1, no final da manh\u00e3 desta quinta-feira (27). As circunst\u00e2ncias do acidente ainda est\u00e3o sendo apuradas. Aparentemente, Kaio Ferreira Martins, de 11 anos, costumava brincar em torno do secador de caf\u00e9 da propriedade. Ele [&hellip;]<\/p>\n","protected":false},"author":2,"featured_media":0,"comment_status":"open","ping_status":"open","sticky":false,"template":"","format":"standard","meta":{"footnotes":""},"categories":[40],"tags":[],"class_list":["post-45073","post","type-post","status-publish","format-standard","hentry","category-altojequitiba-mg"],"_links":{"self":[{"href":"https:\/\/clickcarangola.com.br\/site\/wp-json\/wp\/v2\/posts\/45073","targetHints":{"allow":["GET"]}}],"collection":[{"href":"https:\/\/clickcarangola.com.br\/site\/wp-json\/wp\/v2\/posts"}],"about":[{"href":"https:\/\/clickcarangola.com.br\/site\/wp-json\/wp\/v2\/types\/post"}],"author":[{"embeddable":true,"href":"https:\/\/clickcarangola.com.br\/site\/wp-json\/wp\/v2\/users\/2"}],"replies":[{"embeddable":true,"href":"https:\/\/clickcarangola.com.br\/site\/wp-json\/wp\/v2\/comments?post=45073"}],"version-history":[{"count":3,"href":"https:\/\/clickcarangola.com.br\/site\/wp-json\/wp\/v2\/posts\/45073\/revisions"}],"predecessor-version":[{"id":45077,"href":"https:\/\/clickcarangola.com.br\/site\/wp-json\/wp\/v2\/posts\/45073\/revisions\/45077"}],"wp:attachment":[{"href":"https:\/\/clickcarangola.com.br\/site\/wp-json\/wp\/v2\/media?parent=45073"}],"wp:term":[{"taxonomy":"category","embeddable":true,"href":"https:\/\/clickcarangola.com.br\/site\/wp-json\/wp\/v2\/categories?post=45073"},{"taxonomy":"post_tag","embeddable":true,"href":"https:\/\/clickcarangola.com.br\/site\/wp-json\/wp\/v2\/tags?post=45073"}],"curies":[{"name":"wp","href":"https:\/\/api.w.org\/{rel}","templated":true}]}}