{"id":45121,"date":"2021-06-06T17:00:37","date_gmt":"2021-06-06T20:00:37","guid":{"rendered":"https:\/\/clickcarangola.com.br\/site\/?p=45121"},"modified":"2021-06-09T17:42:11","modified_gmt":"2021-06-09T20:42:11","slug":"espera-feliz-tem-tres-candidatos-a-prefeitura-nas-eleicoes-suplementares-veja-quem-sao","status":"publish","type":"post","link":"https:\/\/clickcarangola.com.br\/site\/06\/06\/2021\/espera-feliz-tem-tres-candidatos-a-prefeitura-nas-eleicoes-suplementares-veja-quem-sao\/","title":{"rendered":"Espera Feliz tem tr\u00eas candidatos \u00e0 Prefeitura nas elei\u00e7\u00f5es suplementares; veja quem s\u00e3o"},"content":{"rendered":"<p><img loading=\"lazy\" decoding=\"async\" class=\"alignleft\" src=\"https:\/\/clickcarangola.com.br\/site\/wp-content\/uploads\/2021\/06\/Espera-Feliz-tem-tr\u00eas-candidatos-\u00e0-Prefeitura.jpg\" alt=\"\" width=\"300\" height=\"226\" \/>ESPERA FELIZ &#8211; No pr\u00f3ximo domingo (13), os eleitores de Espera Feliz &#8211; a 26 km de Carangola &#8211; v\u00e3o \u00e0s urnas para escolher um novo prefeito e vice nas elei\u00e7\u00f5es suplementares na cidade.<\/p>\n<p>Nesta semana, o Tribunal Superior Eleitoral (TSE) deferiu a situa\u00e7\u00e3o de tr\u00eas candidatos que ir\u00e3o disputar o pleito (veja o perfil de cada um mais abaixo).<!--more--><\/p>\n<p>Inicialmente, a vota\u00e7\u00e3o seria realizada no dia 11 de abril, mas, por causa da pandemia da Covid-19, foi remarcada para este m\u00eas.<\/p>\n<p>O novo pleito no munic\u00edpio vai ocorrer porque o prefeito eleito em novembro de 2020, Dr. Maur\u00e9lio Carlos da Silva (PDT), morreu, aos 76 anos, devido a complica\u00e7\u00f5es relacionadas ao novo coronav\u00edrus.<\/p>\n<p>Diante da situa\u00e7\u00e3o, o vice-prefeito da chapa, Dr. Rafael Peixoto Moraes (Cidadania), foi empossado no dia 1\u00ba de janeiro como chefe do Executivo. No entanto, ele renunciou ao mandato oito dias ap\u00f3s ter tomado posse. Atualmente, quem responde pela prefeitura \u00e9 o vereador e presidente da C\u00e2mara Municipal, R\u00f4mulo Quint\u00e3o (PDT).<\/p>\n<p><strong>Candidatos em disputa<\/strong><\/p>\n<p>Confira abaixo os candidatos que ir\u00e3o disputar \u00e0 Prefeitura de Espera Feliz em ordem alfab\u00e9tica, conforme dados disponibilizados no DivulgaCand.<\/p>\n<p><strong>Adrian Carlos<\/strong><\/p>\n<p><img loading=\"lazy\" decoding=\"async\" src=\"https:\/\/clickcarangola.com.br\/site\/wp-content\/uploads\/2021\/06\/Adrian-Carlos.jpeg\" alt=\"\" width=\"200\" height=\"300\" \/><\/p>\n<p>Adrian Carlos Oliveira Silva tem 49 anos. \u00c9 casado e produtor de espet\u00e1culos p\u00fablicos. Ele vai disputar as elei\u00e7\u00f5es pelo Partido Democr\u00e1tico Trabalhista (PDT). O candidato faz parte da coliga\u00e7\u00e3o &#8220;O sonho n\u00e3o acabou&#8221;, que \u00e9 composta por PDT, PSL, PRTB e Patriota. O vice dele \u00e9 Z\u00e9 Francisco (PDT). Nos anos de 2012 e 2016, ele participou de pleitos para ser prefeito, mas n\u00e3o ganhou.<\/p>\n<p><strong>Bartholomeu da Motosserra<\/strong><\/p>\n<p><img loading=\"lazy\" decoding=\"async\" src=\"https:\/\/clickcarangola.com.br\/site\/wp-content\/uploads\/2021\/06\/Bartholomeu-da-Motosserra.jpeg\" alt=\"\" width=\"200\" height=\"300\" \/><\/p>\n<p>Bartholomeu Lopes Miranda tem 41 anos. \u00c9 casado e tem a profiss\u00e3o definida como &#8220;outros&#8221;. Ele vai disputar as elei\u00e7\u00f5es pelo Partido Socialista Brasileiro (PSB) e n\u00e3o integra coliga\u00e7\u00e3o. Em 2020, ele participou das elei\u00e7\u00f5es e ficou em terceiro lugar com 17,17% dos votos. A vice dele \u00e9 Queila Professora (PSB).<\/p>\n<p><strong>Oziel Gomes<\/strong><\/p>\n<p><img loading=\"lazy\" decoding=\"async\" src=\"https:\/\/clickcarangola.com.br\/site\/wp-content\/uploads\/2021\/06\/Oziel-Gomes.jpg\" alt=\"\" width=\"200\" height=\"300\" \/><\/p>\n<p>Oziel Gomes Da Silva tem 47 anos. \u00c9 solteiro e comerciante. Ele vai disputar as elei\u00e7\u00f5es pelo Partido Social Democr\u00e1tico (PSD) e n\u00e3o integra coliga\u00e7\u00e3o. Em 2008 e 2012, foi eleito vereador no munic\u00edpio. O vice dele \u00e9 Sr. Edinho.<\/p>\n<p><strong>Por: Click Carangola<\/strong> | Com informa\u00e7\u00f5es do TSE e G1.<\/p>\n","protected":false},"excerpt":{"rendered":"<p>ESPERA FELIZ &#8211; No pr\u00f3ximo domingo (13), os eleitores de Espera Feliz &#8211; a 26 km de Carangola &#8211; v\u00e3o \u00e0s urnas para escolher um novo prefeito e vice nas elei\u00e7\u00f5es suplementares na cidade. Nesta semana, o Tribunal Superior Eleitoral (TSE) deferiu a situa\u00e7\u00e3o de tr\u00eas candidatos que ir\u00e3o disputar o pleito (veja o perfil [&hellip;]<\/p>\n","protected":false},"author":2,"featured_media":0,"comment_status":"open","ping_status":"open","sticky":false,"template":"","format":"standard","meta":{"footnotes":""},"categories":[45],"tags":[],"class_list":["post-45121","post","type-post","status-publish","format-standard","hentry","category-esperafeliz-mg"],"_links":{"self":[{"href":"https:\/\/clickcarangola.com.br\/site\/wp-json\/wp\/v2\/posts\/45121","targetHints":{"allow":["GET"]}}],"collection":[{"href":"https:\/\/clickcarangola.com.br\/site\/wp-json\/wp\/v2\/posts"}],"about":[{"href":"https:\/\/clickcarangola.com.br\/site\/wp-json\/wp\/v2\/types\/post"}],"author":[{"embeddable":true,"href":"https:\/\/clickcarangola.com.br\/site\/wp-json\/wp\/v2\/users\/2"}],"replies":[{"embeddable":true,"href":"https:\/\/clickcarangola.com.br\/site\/wp-json\/wp\/v2\/comments?post=45121"}],"version-history":[{"count":6,"href":"https:\/\/clickcarangola.com.br\/site\/wp-json\/wp\/v2\/posts\/45121\/revisions"}],"predecessor-version":[{"id":45131,"href":"https:\/\/clickcarangola.com.br\/site\/wp-json\/wp\/v2\/posts\/45121\/revisions\/45131"}],"wp:attachment":[{"href":"https:\/\/clickcarangola.com.br\/site\/wp-json\/wp\/v2\/media?parent=45121"}],"wp:term":[{"taxonomy":"category","embeddable":true,"href":"https:\/\/clickcarangola.com.br\/site\/wp-json\/wp\/v2\/categories?post=45121"},{"taxonomy":"post_tag","embeddable":true,"href":"https:\/\/clickcarangola.com.br\/site\/wp-json\/wp\/v2\/tags?post=45121"}],"curies":[{"name":"wp","href":"https:\/\/api.w.org\/{rel}","templated":true}]}}