{"id":45280,"date":"2021-07-05T08:00:19","date_gmt":"2021-07-05T11:00:19","guid":{"rendered":"https:\/\/clickcarangola.com.br\/site\/?p=45280"},"modified":"2021-07-06T10:48:41","modified_gmt":"2021-07-06T13:48:41","slug":"jovem-de-17-anos-morre-em-acidente-com-moto-na-mg-111-vitima-estaria-participando-de-uma-disputa-de-velocidade","status":"publish","type":"post","link":"https:\/\/clickcarangola.com.br\/site\/05\/07\/2021\/jovem-de-17-anos-morre-em-acidente-com-moto-na-mg-111-vitima-estaria-participando-de-uma-disputa-de-velocidade\/","title":{"rendered":"Jovem de 17 anos morre em acidente com moto na MG-111; v\u00edtima estaria participando de uma disputa de velocidade"},"content":{"rendered":"<p><img loading=\"lazy\" decoding=\"async\" class=\"alignleft\" src=\"https:\/\/clickcarangola.com.br\/site\/wp-content\/uploads\/2021\/07\/Jovem-de-17-anos-em-Alto-Jequitib\u00e1.jpg\" alt=\"\" width=\"300\" height=\"226\" \/>ALTO JEQUITIB\u00c1 &#8211; Um adolescente de 17 anos sofreu ferimentos graves num acidente no km 120 da MG-111, na chamada &#8220;reta da Vargem Grande&#8221;, em Alto Jequitib\u00e1, na tarde deste domingo (04). Ele n\u00e3o resistiu aos ferimentos e morreu no hospital.<\/p>\n<p>Jo\u00e3o Vitor Nascimento Miranda dirigia uma motocicleta Honda NXR Bros 160, vermelha, placa QMD 0391, em alta velocidade, aparentemente numa disputa com outros dois motoqueiros.<!--more--><\/p>\n<p>O rapaz perdeu o controle da dire\u00e7\u00e3o e saiu da pista. A moto bateu e ficou presa numa \u00e1rvore, enquanto o jovem foi projetado metros adiante.<\/p>\n<p>A Pol\u00edcia Militar (PM) e a Pol\u00edcia Militar Rodovi\u00e1ria (PMR) atenderam a ocorr\u00eancia. O jovem foi socorrido para o Pronto Socorro Regional (PSR 24h) de Carangola com ferimentos graves, entre eles traumatismo craniano. Ele n\u00e3o resistiu e faleceu.<\/p>\n<p>A moto foi retirada do local do acidente. Ningu\u00e9m informou aos militares os nomes dos outros motoqueiros.<\/p>\n<p><strong>Confira o v\u00eddeo:<\/strong><\/p>\n<p><iframe loading=\"lazy\" style=\"border: none; overflow: hidden;\" src=\"https:\/\/www.facebook.com\/plugins\/video.php?href=https%3A%2F%2Fwww.facebook.com%2Fclick.carangola%2Fvideos%2F534830884378980%2F&amp;show_text=0&amp;width=560\" width=\"560\" height=\"315\" frameborder=\"0\" scrolling=\"no\" allowfullscreen=\"allowfullscreen\"><\/iframe><\/p>\n<p><strong>Por: Click Carangola<\/strong> | Com informa\u00e7\u00f5es da PMR e P. Capara\u00f3.<\/p>\n","protected":false},"excerpt":{"rendered":"<p>ALTO JEQUITIB\u00c1 &#8211; Um adolescente de 17 anos sofreu ferimentos graves num acidente no km 120 da MG-111, na chamada &#8220;reta da Vargem Grande&#8221;, em Alto Jequitib\u00e1, na tarde deste domingo (04). Ele n\u00e3o resistiu aos ferimentos e morreu no hospital. Jo\u00e3o Vitor Nascimento Miranda dirigia uma motocicleta Honda NXR Bros 160, vermelha, placa QMD [&hellip;]<\/p>\n","protected":false},"author":2,"featured_media":0,"comment_status":"open","ping_status":"open","sticky":false,"template":"","format":"standard","meta":{"footnotes":""},"categories":[40],"tags":[],"class_list":["post-45280","post","type-post","status-publish","format-standard","hentry","category-altojequitiba-mg"],"_links":{"self":[{"href":"https:\/\/clickcarangola.com.br\/site\/wp-json\/wp\/v2\/posts\/45280","targetHints":{"allow":["GET"]}}],"collection":[{"href":"https:\/\/clickcarangola.com.br\/site\/wp-json\/wp\/v2\/posts"}],"about":[{"href":"https:\/\/clickcarangola.com.br\/site\/wp-json\/wp\/v2\/types\/post"}],"author":[{"embeddable":true,"href":"https:\/\/clickcarangola.com.br\/site\/wp-json\/wp\/v2\/users\/2"}],"replies":[{"embeddable":true,"href":"https:\/\/clickcarangola.com.br\/site\/wp-json\/wp\/v2\/comments?post=45280"}],"version-history":[{"count":5,"href":"https:\/\/clickcarangola.com.br\/site\/wp-json\/wp\/v2\/posts\/45280\/revisions"}],"predecessor-version":[{"id":45286,"href":"https:\/\/clickcarangola.com.br\/site\/wp-json\/wp\/v2\/posts\/45280\/revisions\/45286"}],"wp:attachment":[{"href":"https:\/\/clickcarangola.com.br\/site\/wp-json\/wp\/v2\/media?parent=45280"}],"wp:term":[{"taxonomy":"category","embeddable":true,"href":"https:\/\/clickcarangola.com.br\/site\/wp-json\/wp\/v2\/categories?post=45280"},{"taxonomy":"post_tag","embeddable":true,"href":"https:\/\/clickcarangola.com.br\/site\/wp-json\/wp\/v2\/tags?post=45280"}],"curies":[{"name":"wp","href":"https:\/\/api.w.org\/{rel}","templated":true}]}}