{"id":45401,"date":"2021-08-02T08:00:28","date_gmt":"2021-08-02T11:00:28","guid":{"rendered":"https:\/\/clickcarangola.com.br\/site\/?p=45401"},"modified":"2021-08-02T17:55:42","modified_gmt":"2021-08-02T20:55:42","slug":"motorista-de-27-anos-morre-ao-perder-controle-do-carro-atingir-meio-fio-e-capotar-na-br-116","status":"publish","type":"post","link":"https:\/\/clickcarangola.com.br\/site\/02\/08\/2021\/motorista-de-27-anos-morre-ao-perder-controle-do-carro-atingir-meio-fio-e-capotar-na-br-116\/","title":{"rendered":"Motorista de 27 anos morre ao perder controle do carro, atingir meio-fio e capotar na BR-116"},"content":{"rendered":"<p><img loading=\"lazy\" decoding=\"async\" class=\"alignleft\" src=\"https:\/\/clickcarangola.com.br\/site\/wp-content\/uploads\/2021\/08\/Motorista-de-27-anos-morre-01.jpeg\" alt=\"\" width=\"300\" height=\"226\" \/>FERVEDOURO &#8211; Um motorista de 27 anos morreu na noite deste domingo (1\u00ba), em um acidente no km 650, da BR-116, em Fervedouro &#8211; a cerca de 32 km de Carangola.<\/p>\n<p>De acordo com a Pol\u00edcia Rodovi\u00e1ria Federal (PRF), o jovem trafegava pela rodovia, quando, ao realizar uma curva para a direita, perdeu o controle direcional, bateu em um meio-fio e capotou fora da estrada.<!--more--><\/p>\n<p>O motorista identificado como Daniel Batista Mendes foi arremessado para fora do ve\u00edculo e veio a \u00f3bito no local.<\/p>\n<p>A per\u00edcia t\u00e9cnica da Pol\u00edcia Civil (PC) realizou os trabalhos de praxe.<\/p>\n<p><strong>Confira as imagens:<\/strong><\/p>\n<p><img loading=\"lazy\" decoding=\"async\" src=\"https:\/\/clickcarangola.com.br\/site\/wp-content\/uploads\/2021\/08\/Motorista-de-27-anos-morre-02.jpeg\" alt=\"\" width=\"400\" height=\"300\" \/><br \/>\n<img loading=\"lazy\" decoding=\"async\" src=\"https:\/\/clickcarangola.com.br\/site\/wp-content\/uploads\/2021\/08\/Motorista-de-27-anos-morre-03.jpeg\" alt=\"\" width=\"400\" height=\"300\" \/><br \/>\n<img loading=\"lazy\" decoding=\"async\" src=\"https:\/\/clickcarangola.com.br\/site\/wp-content\/uploads\/2021\/08\/Motorista-de-27-anos-morre-04.jpeg\" alt=\"\" width=\"400\" height=\"300\" \/><br \/>\n<img loading=\"lazy\" decoding=\"async\" src=\"https:\/\/clickcarangola.com.br\/site\/wp-content\/uploads\/2021\/08\/Motorista-de-27-anos-morre-05.jpeg\" alt=\"\" width=\"400\" height=\"300\" \/><br \/>\n<img loading=\"lazy\" decoding=\"async\" src=\"https:\/\/clickcarangola.com.br\/site\/wp-content\/uploads\/2021\/08\/Motorista-de-27-anos-morre-06.jpeg\" alt=\"\" width=\"400\" height=\"300\" \/><\/p>\n<p><strong>Por: Click Carangola<\/strong> | Com informa\u00e7\u00f5es da PRF, Paulo Roberto e G1.<\/p>\n","protected":false},"excerpt":{"rendered":"<p>FERVEDOURO &#8211; Um motorista de 27 anos morreu na noite deste domingo (1\u00ba), em um acidente no km 650, da BR-116, em Fervedouro &#8211; a cerca de 32 km de Carangola. De acordo com a Pol\u00edcia Rodovi\u00e1ria Federal (PRF), o jovem trafegava pela rodovia, quando, ao realizar uma curva para a direita, perdeu o controle [&hellip;]<\/p>\n","protected":false},"author":2,"featured_media":0,"comment_status":"open","ping_status":"open","sticky":false,"template":"","format":"standard","meta":{"footnotes":""},"categories":[47],"tags":[],"class_list":["post-45401","post","type-post","status-publish","format-standard","hentry","category-fervedouro-mg"],"_links":{"self":[{"href":"https:\/\/clickcarangola.com.br\/site\/wp-json\/wp\/v2\/posts\/45401","targetHints":{"allow":["GET"]}}],"collection":[{"href":"https:\/\/clickcarangola.com.br\/site\/wp-json\/wp\/v2\/posts"}],"about":[{"href":"https:\/\/clickcarangola.com.br\/site\/wp-json\/wp\/v2\/types\/post"}],"author":[{"embeddable":true,"href":"https:\/\/clickcarangola.com.br\/site\/wp-json\/wp\/v2\/users\/2"}],"replies":[{"embeddable":true,"href":"https:\/\/clickcarangola.com.br\/site\/wp-json\/wp\/v2\/comments?post=45401"}],"version-history":[{"count":6,"href":"https:\/\/clickcarangola.com.br\/site\/wp-json\/wp\/v2\/posts\/45401\/revisions"}],"predecessor-version":[{"id":45403,"href":"https:\/\/clickcarangola.com.br\/site\/wp-json\/wp\/v2\/posts\/45401\/revisions\/45403"}],"wp:attachment":[{"href":"https:\/\/clickcarangola.com.br\/site\/wp-json\/wp\/v2\/media?parent=45401"}],"wp:term":[{"taxonomy":"category","embeddable":true,"href":"https:\/\/clickcarangola.com.br\/site\/wp-json\/wp\/v2\/categories?post=45401"},{"taxonomy":"post_tag","embeddable":true,"href":"https:\/\/clickcarangola.com.br\/site\/wp-json\/wp\/v2\/tags?post=45401"}],"curies":[{"name":"wp","href":"https:\/\/api.w.org\/{rel}","templated":true}]}}