{"id":45440,"date":"2021-08-10T17:00:36","date_gmt":"2021-08-10T20:00:36","guid":{"rendered":"https:\/\/clickcarangola.com.br\/site\/?p=45440"},"modified":"2021-08-11T18:58:33","modified_gmt":"2021-08-11T21:58:33","slug":"motorista-de-74-anos-morre-apos-invadir-contramao-e-bater-de-frente-com-carreta-na-br-116","status":"publish","type":"post","link":"https:\/\/clickcarangola.com.br\/site\/10\/08\/2021\/motorista-de-74-anos-morre-apos-invadir-contramao-e-bater-de-frente-com-carreta-na-br-116\/","title":{"rendered":"Motorista de 74 anos morre ap\u00f3s invadir contram\u00e3o e bater de frente com carreta na BR-116"},"content":{"rendered":"<p><img loading=\"lazy\" decoding=\"async\" class=\"alignleft\" src=\"https:\/\/clickcarangola.com.br\/site\/wp-content\/uploads\/2021\/08\/Motorista-de-74-anos-01.jpeg\" alt=\"\" width=\"300\" height=\"226\" \/>FERVEDOURO &#8211; Um grave acidente foi registrado na tarde desta ter\u00e7a-feira (10), na BR-116, na altura de Fervedouro &#8211; a cerca de 32 km de Carangola.<\/p>\n<p>Segundo informa\u00e7\u00f5es colhidas no local, o motorista de um carro, com placas de Duque de Caxias-RJ, invadiu a contram\u00e3o e se chocou fortemente com uma carreta que seguia no sentido contr\u00e1rio.<!--more--><\/p>\n<p>Ant\u00f4nio Laudelino dos Santos, de 74 anos, morreu na hora e seu corpo ficou preso entre \u00e0s ferragens. J\u00e1 o motorista da carreta, foi levado para o Hospital Santa Barbara (HSB), em Fervedouro.<\/p>\n<p>Dois ve\u00edculos que estavam logo atr\u00e1s da carreta viram tudo e conseguiram frear para evitar o impacto. O choque entre os carros aconteceu, mas, n\u00e3o houve feridos.<\/p>\n<p>O Corpo de Bombeiros (CB 193) foi acionado, bem como a per\u00edcia t\u00e9cnica da Pol\u00edcia Civil (PC), que removeram o corpo do motorista ao Instituto M\u00e9dico Legal (IML).<\/p>\n<p>A Pol\u00edcia Rodovi\u00e1ria Federal (PRF) registrou o acidente e ir\u00e1 apurar as causas da colis\u00e3o. Durante a remo\u00e7\u00e3o do corpo, o tr\u00e2nsito fluiu em meia pista e n\u00e3o houve engarrafamento.<\/p>\n<p><strong>Confira as imagens:<\/strong><\/p>\n<p><img loading=\"lazy\" decoding=\"async\" src=\"https:\/\/clickcarangola.com.br\/site\/wp-content\/uploads\/2021\/08\/Motorista-de-74-anos-02.jpeg\" alt=\"\" width=\"400\" height=\"300\" \/><br \/>\n<img loading=\"lazy\" decoding=\"async\" src=\"https:\/\/clickcarangola.com.br\/site\/wp-content\/uploads\/2021\/08\/Motorista-de-74-anos-03.jpeg\" alt=\"\" width=\"400\" height=\"300\" \/><br \/>\n<img loading=\"lazy\" decoding=\"async\" src=\"https:\/\/clickcarangola.com.br\/site\/wp-content\/uploads\/2021\/08\/Motorista-de-74-anos-04.jpeg\" alt=\"\" width=\"400\" height=\"300\" \/><br \/>\n<img loading=\"lazy\" decoding=\"async\" src=\"https:\/\/clickcarangola.com.br\/site\/wp-content\/uploads\/2021\/08\/Motorista-de-74-anos-05.jpeg\" alt=\"\" width=\"400\" height=\"300\" \/><br \/>\n<img loading=\"lazy\" decoding=\"async\" src=\"https:\/\/clickcarangola.com.br\/site\/wp-content\/uploads\/2021\/08\/Motorista-de-74-anos-06.jpeg\" alt=\"\" width=\"400\" height=\"300\" \/><br \/>\n<img loading=\"lazy\" decoding=\"async\" src=\"https:\/\/clickcarangola.com.br\/site\/wp-content\/uploads\/2021\/08\/Motorista-de-74-anos-07.jpeg\" alt=\"\" width=\"400\" height=\"300\" \/><br \/>\n<img loading=\"lazy\" decoding=\"async\" src=\"https:\/\/clickcarangola.com.br\/site\/wp-content\/uploads\/2021\/08\/Motorista-de-74-anos-08.jpeg\" alt=\"\" width=\"400\" height=\"300\" \/><br \/>\n<img loading=\"lazy\" decoding=\"async\" src=\"https:\/\/clickcarangola.com.br\/site\/wp-content\/uploads\/2021\/08\/Motorista-de-74-anos-09.jpeg\" alt=\"\" width=\"400\" height=\"300\" \/><br \/>\n<img loading=\"lazy\" decoding=\"async\" src=\"https:\/\/clickcarangola.com.br\/site\/wp-content\/uploads\/2021\/08\/Motorista-de-74-anos-10.jpeg\" alt=\"\" width=\"400\" height=\"300\" \/><\/p>\n<p><strong>Por: Click Carangola<\/strong> | Com informa\u00e7\u00f5es do CB, Paulo Roberto e R\u00e1dio Muria\u00e9.<\/p>\n","protected":false},"excerpt":{"rendered":"<p>FERVEDOURO &#8211; Um grave acidente foi registrado na tarde desta ter\u00e7a-feira (10), na BR-116, na altura de Fervedouro &#8211; a cerca de 32 km de Carangola. Segundo informa\u00e7\u00f5es colhidas no local, o motorista de um carro, com placas de Duque de Caxias-RJ, invadiu a contram\u00e3o e se chocou fortemente com uma carreta que seguia no [&hellip;]<\/p>\n","protected":false},"author":2,"featured_media":0,"comment_status":"open","ping_status":"open","sticky":false,"template":"","format":"standard","meta":{"footnotes":""},"categories":[47],"tags":[],"class_list":["post-45440","post","type-post","status-publish","format-standard","hentry","category-fervedouro-mg"],"_links":{"self":[{"href":"https:\/\/clickcarangola.com.br\/site\/wp-json\/wp\/v2\/posts\/45440","targetHints":{"allow":["GET"]}}],"collection":[{"href":"https:\/\/clickcarangola.com.br\/site\/wp-json\/wp\/v2\/posts"}],"about":[{"href":"https:\/\/clickcarangola.com.br\/site\/wp-json\/wp\/v2\/types\/post"}],"author":[{"embeddable":true,"href":"https:\/\/clickcarangola.com.br\/site\/wp-json\/wp\/v2\/users\/2"}],"replies":[{"embeddable":true,"href":"https:\/\/clickcarangola.com.br\/site\/wp-json\/wp\/v2\/comments?post=45440"}],"version-history":[{"count":6,"href":"https:\/\/clickcarangola.com.br\/site\/wp-json\/wp\/v2\/posts\/45440\/revisions"}],"predecessor-version":[{"id":45453,"href":"https:\/\/clickcarangola.com.br\/site\/wp-json\/wp\/v2\/posts\/45440\/revisions\/45453"}],"wp:attachment":[{"href":"https:\/\/clickcarangola.com.br\/site\/wp-json\/wp\/v2\/media?parent=45440"}],"wp:term":[{"taxonomy":"category","embeddable":true,"href":"https:\/\/clickcarangola.com.br\/site\/wp-json\/wp\/v2\/categories?post=45440"},{"taxonomy":"post_tag","embeddable":true,"href":"https:\/\/clickcarangola.com.br\/site\/wp-json\/wp\/v2\/tags?post=45440"}],"curies":[{"name":"wp","href":"https:\/\/api.w.org\/{rel}","templated":true}]}}