{"id":45520,"date":"2021-08-24T12:00:03","date_gmt":"2021-08-24T15:00:03","guid":{"rendered":"https:\/\/clickcarangola.com.br\/site\/?p=45520"},"modified":"2021-08-28T16:25:04","modified_gmt":"2021-08-28T19:25:04","slug":"carreta-carregada-de-carne-tomba-na-br-116-e-prf-contem-multidao-que-tenta-saquear-a-carga","status":"publish","type":"post","link":"https:\/\/clickcarangola.com.br\/site\/24\/08\/2021\/carreta-carregada-de-carne-tomba-na-br-116-e-prf-contem-multidao-que-tenta-saquear-a-carga\/","title":{"rendered":"Carreta carregada de carne tomba na BR-116 e PRF cont\u00e9m multid\u00e3o que tenta saquear a carga"},"content":{"rendered":"<p><img loading=\"lazy\" decoding=\"async\" class=\"alignleft\" src=\"https:\/\/clickcarangola.com.br\/site\/wp-content\/uploads\/2021\/08\/Caminh\u00e3o-carregado-de-carne-01.jpeg\" alt=\"\" width=\"300\" height=\"226\" \/>FERVEDOURO &#8211; Uma carreta carregada de carne tombou na noite desta segunda-feira (23), em uma curva da BR-116, pr\u00f3ximo \u00e0 Fervedouro &#8211; a 32 km de Carangola. O motorista teve ferimentos leves. O ve\u00edculo seguia de Betim-MG para Itaperuna, no Noroeste Fluminense.<\/p>\n<p>Segundo informa\u00e7\u00f5es do Corpo de Bombeiros (CB), em poucos minutos, uma multid\u00e3o se aproximou no local do acidente e tentou saquear a carga.<!--more--><\/p>\n<p>Uma equipe de seguran\u00e7a privada foi acionada para ajudar a conter os populares.<\/p>\n<p>Alguns saqueadores ainda tentaram atear fogo na vegeta\u00e7\u00e3o pr\u00f3xima ao local do acidente para danificar a carga, mas, as chamas foram contidas pelos bombeiros.<\/p>\n<p>A Pol\u00edcia Rodovi\u00e1ria Federal (PRF) compareceu ao local, controlou os saqueadores e organizou o tr\u00e2nsito que ficou parcialmente interditado.<\/p>\n<p><strong>Confira as imagens:<\/strong><\/p>\n<p><img loading=\"lazy\" decoding=\"async\" src=\"https:\/\/clickcarangola.com.br\/site\/wp-content\/uploads\/2021\/08\/Caminh\u00e3o-carregado-de-carne-02.jpeg\" alt=\"\" width=\"400\" height=\"300\" \/><br \/>\n<img loading=\"lazy\" decoding=\"async\" src=\"https:\/\/clickcarangola.com.br\/site\/wp-content\/uploads\/2021\/08\/Caminh\u00e3o-carregado-de-carne-03.jpeg\" alt=\"\" width=\"400\" height=\"300\" \/><\/p>\n<p><strong>Por: Click Carangola<\/strong> | Com informa\u00e7\u00f5es do CB, Paulo Roberto e R\u00e1dio Muria\u00e9.<\/p>\n","protected":false},"excerpt":{"rendered":"<p>FERVEDOURO &#8211; Uma carreta carregada de carne tombou na noite desta segunda-feira (23), em uma curva da BR-116, pr\u00f3ximo \u00e0 Fervedouro &#8211; a 32 km de Carangola. O motorista teve ferimentos leves. O ve\u00edculo seguia de Betim-MG para Itaperuna, no Noroeste Fluminense. Segundo informa\u00e7\u00f5es do Corpo de Bombeiros (CB), em poucos minutos, uma multid\u00e3o se [&hellip;]<\/p>\n","protected":false},"author":2,"featured_media":0,"comment_status":"open","ping_status":"open","sticky":false,"template":"","format":"standard","meta":{"footnotes":""},"categories":[47],"tags":[],"class_list":["post-45520","post","type-post","status-publish","format-standard","hentry","category-fervedouro-mg"],"_links":{"self":[{"href":"https:\/\/clickcarangola.com.br\/site\/wp-json\/wp\/v2\/posts\/45520","targetHints":{"allow":["GET"]}}],"collection":[{"href":"https:\/\/clickcarangola.com.br\/site\/wp-json\/wp\/v2\/posts"}],"about":[{"href":"https:\/\/clickcarangola.com.br\/site\/wp-json\/wp\/v2\/types\/post"}],"author":[{"embeddable":true,"href":"https:\/\/clickcarangola.com.br\/site\/wp-json\/wp\/v2\/users\/2"}],"replies":[{"embeddable":true,"href":"https:\/\/clickcarangola.com.br\/site\/wp-json\/wp\/v2\/comments?post=45520"}],"version-history":[{"count":5,"href":"https:\/\/clickcarangola.com.br\/site\/wp-json\/wp\/v2\/posts\/45520\/revisions"}],"predecessor-version":[{"id":45522,"href":"https:\/\/clickcarangola.com.br\/site\/wp-json\/wp\/v2\/posts\/45520\/revisions\/45522"}],"wp:attachment":[{"href":"https:\/\/clickcarangola.com.br\/site\/wp-json\/wp\/v2\/media?parent=45520"}],"wp:term":[{"taxonomy":"category","embeddable":true,"href":"https:\/\/clickcarangola.com.br\/site\/wp-json\/wp\/v2\/categories?post=45520"},{"taxonomy":"post_tag","embeddable":true,"href":"https:\/\/clickcarangola.com.br\/site\/wp-json\/wp\/v2\/tags?post=45520"}],"curies":[{"name":"wp","href":"https:\/\/api.w.org\/{rel}","templated":true}]}}