{"id":45959,"date":"2021-11-10T17:00:19","date_gmt":"2021-11-10T20:00:19","guid":{"rendered":"https:\/\/clickcarangola.com.br\/site\/?p=45959"},"modified":"2021-11-13T11:29:16","modified_gmt":"2021-11-13T14:29:16","slug":"policia-civil-pc-realiza-segunda-fase-da-operacao-graneleiro-e-dois-suspeitos-sao-presos","status":"publish","type":"post","link":"https:\/\/clickcarangola.com.br\/site\/10\/11\/2021\/policia-civil-pc-realiza-segunda-fase-da-operacao-graneleiro-e-dois-suspeitos-sao-presos\/","title":{"rendered":"Pol\u00edcia Civil (PC) realiza segunda fase da Opera\u00e7\u00e3o &#8220;Graneleiro&#8221; e dois suspeitos s\u00e3o presos"},"content":{"rendered":"<p><img loading=\"lazy\" decoding=\"async\" class=\"alignleft\" src=\"https:\/\/clickcarangola.com.br\/site\/wp-content\/uploads\/2021\/11\/Opera\u00e7\u00e3o-Graneleiro-em-Divino.jpeg\" alt=\"\" width=\"300\" height=\"226\" \/>DIVINO &#8211; A Pol\u00edcia Civil (PC) que atua em Divino cumpriu um mandado de busca e apreens\u00e3o e dois mandados de pris\u00e3o, expedidos para dois suspeitos de integrarem uma organiza\u00e7\u00e3o criminosa, especializada na pr\u00e1tica dos crimes de furto de caminh\u00f5es e adultera\u00e7\u00e3o de sinal identificador.<\/p>\n<p>As investiga\u00e7\u00f5es tiveram in\u00edcio em 23 de abril deste ano, quando os envolvidos furtaram um caminh\u00e3o Graneleiro, em Divino.<!--more--><\/p>\n<p>Na noite dos fatos, um homem foi trazido por outro indiv\u00edduo que dirigia um VW Gol G6 prata e o deixou nas proximidades do p\u00e1tio de uma importadora de caf\u00e9, local onde estava estacionado o caminh\u00e3o Graneleiro, que restou subtra\u00eddo pelo mesmo. Logo depois, o caminh\u00e3o furtado e o ve\u00edculo Gol se encontram e ambos fugiram da cidade.<\/p>\n<p>No in\u00edcio do m\u00eas passado, a PC j\u00e1 havia prendido o motorista do Gol prata, de 40 anos. Ele confessou a pr\u00e1tica do crime, assim como seu pai, de 72 anos, suspeito de auxiliar o grupo.<\/p>\n<p>Naquela ocasi\u00e3o foram encontrados peda\u00e7os de chassi do caminh\u00e3o, escondidos embaixo de um grande amontoado de madeiras na casa do suspeito de 72 anos, situada no munic\u00edpio de Fervedouro, bem como, foram apreendidas placas e plaquetas de identifica\u00e7\u00e3o do mesmo ve\u00edculo, documentos e decalques do chassi na casa do suspeito, situada no munic\u00edpio de Vermelho Novo-MG.<\/p>\n<p>A Pol\u00edcia Civil (PC) deu continuidade as investiga\u00e7\u00f5es, vindo a coletar e analisar novos elementos de informa\u00e7\u00f5es que contribu\u00edram com o envolvimento dos suspeitos presos segunda-feira e hoje, ocasi\u00e3o em que o delegado de pol\u00edcia respons\u00e1vel pelo caso representou junto ao poder judici\u00e1rio, pleiteando a expedi\u00e7\u00e3o de mandados de pris\u00e3o cautelar e de busca e apreens\u00e3o, os quais foram cumpridos na manh\u00e3 de segunda-feira e hoje nos munic\u00edpios de Santa Rita de Minas-MG e Ipatinga-MG, onde um indiv\u00edduo de 33 anos, \u00e9 suspeito de conduzir os caminh\u00f5es durante o furto, al\u00e9m de um despachante de 39 anos, suspeito de ter sido contratado para &#8220;esquentar&#8221; os ve\u00edculos furtados.<\/p>\n<p>No in\u00edcio da semana, ap\u00f3s monitoramento, a Pol\u00edcia Civil (PC) confirmou a presen\u00e7a do alvo de Santa Rita de Minas em seu domic\u00edlio e deu cumprimento as medidas cautelares.<\/p>\n<p>Em seguida, a equipe se deslocou \u00e0 Ipatinga a fim de cumprir o mandado de pris\u00e3o expedido em desfavor do despachante de 39 anos, contudo naquela data, ele n\u00e3o foi encontrado.<\/p>\n<p>Nesta quarta-feira, com aux\u00edlio da Pol\u00edcia Civil (PC) de Ipatinga, foi ent\u00e3o localizado e preso este \u00faltimo investigado.<\/p>\n<p>Durante as dilig\u00eancias, foram arrecadados materiais de interesse investigativo, bem como, colhidas as declara\u00e7\u00f5es dos investigados.<\/p>\n<p>Al\u00e9m do caminh\u00e3o furtado em Divino no dia 23 de abril deste ano, a pol\u00edcia suspeita que o grupo tamb\u00e9m esteja envolvido em outro furto de caminh\u00e3o, de modelo semelhante, ocorrido no dia 09 de setembro deste ano, na cidade de Ponte Nova-MG.<\/p>\n<p>O grupo criminoso \u00e9 investigado pela pr\u00e1tica dos crimes de furto qualificado, adultera\u00e7\u00e3o de sinal identificador de ve\u00edculo automotor e associa\u00e7\u00e3o criminosa.<\/p>\n<p>Os presos foram conduzidos ao pres\u00eddio local e se encontram \u00e0 disposi\u00e7\u00e3o da justi\u00e7a.<\/p>\n<p><strong>Por: Click Carangola<\/strong> | Com informa\u00e7\u00f5es da PC e R\u00e1dio Muria\u00e9.<\/p>\n","protected":false},"excerpt":{"rendered":"<p>DIVINO &#8211; A Pol\u00edcia Civil (PC) que atua em Divino cumpriu um mandado de busca e apreens\u00e3o e dois mandados de pris\u00e3o, expedidos para dois suspeitos de integrarem uma organiza\u00e7\u00e3o criminosa, especializada na pr\u00e1tica dos crimes de furto de caminh\u00f5es e adultera\u00e7\u00e3o de sinal identificador. As investiga\u00e7\u00f5es tiveram in\u00edcio em 23 de abril deste ano, [&hellip;]<\/p>\n","protected":false},"author":2,"featured_media":0,"comment_status":"open","ping_status":"open","sticky":false,"template":"","format":"standard","meta":{"footnotes":""},"categories":[43],"tags":[],"class_list":["post-45959","post","type-post","status-publish","format-standard","hentry","category-divino-mg"],"_links":{"self":[{"href":"https:\/\/clickcarangola.com.br\/site\/wp-json\/wp\/v2\/posts\/45959","targetHints":{"allow":["GET"]}}],"collection":[{"href":"https:\/\/clickcarangola.com.br\/site\/wp-json\/wp\/v2\/posts"}],"about":[{"href":"https:\/\/clickcarangola.com.br\/site\/wp-json\/wp\/v2\/types\/post"}],"author":[{"embeddable":true,"href":"https:\/\/clickcarangola.com.br\/site\/wp-json\/wp\/v2\/users\/2"}],"replies":[{"embeddable":true,"href":"https:\/\/clickcarangola.com.br\/site\/wp-json\/wp\/v2\/comments?post=45959"}],"version-history":[{"count":2,"href":"https:\/\/clickcarangola.com.br\/site\/wp-json\/wp\/v2\/posts\/45959\/revisions"}],"predecessor-version":[{"id":45962,"href":"https:\/\/clickcarangola.com.br\/site\/wp-json\/wp\/v2\/posts\/45959\/revisions\/45962"}],"wp:attachment":[{"href":"https:\/\/clickcarangola.com.br\/site\/wp-json\/wp\/v2\/media?parent=45959"}],"wp:term":[{"taxonomy":"category","embeddable":true,"href":"https:\/\/clickcarangola.com.br\/site\/wp-json\/wp\/v2\/categories?post=45959"},{"taxonomy":"post_tag","embeddable":true,"href":"https:\/\/clickcarangola.com.br\/site\/wp-json\/wp\/v2\/tags?post=45959"}],"curies":[{"name":"wp","href":"https:\/\/api.w.org\/{rel}","templated":true}]}}