{"id":4615,"date":"2012-03-29T14:00:18","date_gmt":"2012-03-29T17:00:18","guid":{"rendered":"https:\/\/clickcarangola.com.br\/site\/?p=4615"},"modified":"2012-03-30T15:27:36","modified_gmt":"2012-03-30T18:27:36","slug":"corpo-de-adolescente-e-sepultado-em-sao-francisco-do-gloria","status":"publish","type":"post","link":"https:\/\/clickcarangola.com.br\/site\/29\/03\/2012\/corpo-de-adolescente-e-sepultado-em-sao-francisco-do-gloria\/","title":{"rendered":"Corpo de adolescente \u00e9 sepultado em S\u00e3o Francisco do Gl\u00f3ria"},"content":{"rendered":"<div>\n<div id=\"HOTWordsTxt\">\n<div>\n<div id=\"HOTWordsTxt\">\n<p><img loading=\"lazy\" decoding=\"async\" class=\"alignleft\" src=\"https:\/\/www.interligadonline.com\/wp-content\/\/2012\/03\/larissa-201x300.jpg\" alt=\"\" width=\"148\" height=\"210\" \/><\/p>\n<\/div>\n<\/div>\n<p style=\"text-align: justify;\"><span style=\"color: #888888;\">Foi sepultado na manh\u00e3 desta quarta-feira (28), o corpo da adolescente Larissa de Paula Oliveira, 15 anos que foi encontrado em uma mata no munic\u00edpio de Miradouro, na manh\u00e3 de ter\u00e7a-feira (27). <\/span><\/p>\n<\/div>\n<\/div>\n<p style=\"text-align: justify;\"><span style=\"color: #888888;\">A adolescente, que estava gr\u00e1vida de cinco meses desapareceu na madrugada de domingo (25), ap\u00f3s ter sido vista na Pra\u00e7a da cidade de S\u00e3o Francisco do Gl\u00f3ria, onde residia em companhia de uma amiga e de J.A.L, 19 anos que seria o pai do filho da adolescente.<!--more-->\u00a0<\/span><\/p>\n<p style=\"text-align: justify;\"><span style=\"color: #888888;\">A pol\u00edcia Civil segue na busca pelo rapaz que \u00e9 o principal suspeito do homic\u00eddio, que foi constatado no IML de Muria\u00e9 como traumatismo craniano. O rapaz chegou a falar para uma das testemunhas, que havia lhe emprestado um carro, que havia matado a jovem e se ele falasse algo morreria tamb\u00e9m.<\/span><\/p>\n<p style=\"text-align: justify;\"><span style=\"color: #888888;\">O crime chocou a cidade e todos buscam informa\u00e7\u00f5es sobre o paradeiro do suspeito. Com informa\u00e7\u00f5es do parceiro Interligo Online.<\/span><\/p>\n<p style=\"text-align: justify;\"><strong><span style=\"color: #888888;\">Por: Click Carangola<\/span><\/strong><\/p>\n","protected":false},"excerpt":{"rendered":"<p>Foi sepultado na manh\u00e3 desta quarta-feira (28), o corpo da adolescente Larissa de Paula Oliveira, 15 anos que foi encontrado em uma mata no munic\u00edpio de Miradouro, na manh\u00e3 de ter\u00e7a-feira (27). A adolescente, que estava gr\u00e1vida de cinco meses desapareceu na madrugada de domingo (25), ap\u00f3s ter sido vista na Pra\u00e7a da cidade de [&hellip;]<\/p>\n","protected":false},"author":2,"featured_media":0,"comment_status":"open","ping_status":"open","sticky":false,"template":"","format":"standard","meta":{"footnotes":""},"categories":[55],"tags":[],"class_list":["post-4615","post","type-post","status-publish","format-standard","hentry","category-saofranciscodogloria-mg"],"_links":{"self":[{"href":"https:\/\/clickcarangola.com.br\/site\/wp-json\/wp\/v2\/posts\/4615","targetHints":{"allow":["GET"]}}],"collection":[{"href":"https:\/\/clickcarangola.com.br\/site\/wp-json\/wp\/v2\/posts"}],"about":[{"href":"https:\/\/clickcarangola.com.br\/site\/wp-json\/wp\/v2\/types\/post"}],"author":[{"embeddable":true,"href":"https:\/\/clickcarangola.com.br\/site\/wp-json\/wp\/v2\/users\/2"}],"replies":[{"embeddable":true,"href":"https:\/\/clickcarangola.com.br\/site\/wp-json\/wp\/v2\/comments?post=4615"}],"version-history":[{"count":2,"href":"https:\/\/clickcarangola.com.br\/site\/wp-json\/wp\/v2\/posts\/4615\/revisions"}],"predecessor-version":[{"id":4618,"href":"https:\/\/clickcarangola.com.br\/site\/wp-json\/wp\/v2\/posts\/4615\/revisions\/4618"}],"wp:attachment":[{"href":"https:\/\/clickcarangola.com.br\/site\/wp-json\/wp\/v2\/media?parent=4615"}],"wp:term":[{"taxonomy":"category","embeddable":true,"href":"https:\/\/clickcarangola.com.br\/site\/wp-json\/wp\/v2\/categories?post=4615"},{"taxonomy":"post_tag","embeddable":true,"href":"https:\/\/clickcarangola.com.br\/site\/wp-json\/wp\/v2\/tags?post=4615"}],"curies":[{"name":"wp","href":"https:\/\/api.w.org\/{rel}","templated":true}]}}