{"id":4623,"date":"2012-03-30T16:19:02","date_gmt":"2012-03-30T19:19:02","guid":{"rendered":"https:\/\/clickcarangola.com.br\/site\/?p=4623"},"modified":"2012-03-30T16:21:06","modified_gmt":"2012-03-30T19:21:06","slug":"carangolense-figura-entre-os-50-homens-mais-importantes-do-brasil","status":"publish","type":"post","link":"https:\/\/clickcarangola.com.br\/site\/30\/03\/2012\/carangolense-figura-entre-os-50-homens-mais-importantes-do-brasil\/","title":{"rendered":"Carangolense figura entre os 50 homens mais importantes do Brasil"},"content":{"rendered":"<p style=\"text-align: justify;\"><span style=\"color: #888888;\"><img decoding=\"async\" class=\"alignleft\" src=\"https:\/\/1.bp.blogspot.com\/-oyQCVdAqckU\/T3UPqYcsiFI\/AAAAAAAAA_A\/ziFWfFQ1J7M\/s1600\/P%C3%A1g+4+foto+24.jpg\" border=\"0\" alt=\"\" \/>Durante a retrospectiva de 2011, a revista Veja, em sua Edi\u00e7\u00e3o n\u00ba 2.249, trouxe uma mat\u00e9ria falando sobre a hist\u00f3ria do Brasil, onde destacou os &#8220;50 grandes nomes do passado e seu legado para o Brasil atual&#8221;. A mat\u00e9ria foi assinada pelos Jornalistas Diogo Schelp e J\u00falia Carvalho.<\/span><\/p>\n<p style=\"text-align: justify;\"><span style=\"color: #888888;\">No texto, os autores lembram a import\u00e2ncia do passado como referencial para o presente e o futuro do pa\u00eds, destacando as 50 personalidades da hist\u00f3ria do Brasil que &#8220;defenderam conceitos revolucion\u00e1rios em seu tempo e que permanecem atuais neste come\u00e7o do s\u00e9culo XXI&#8221;.<!--more--><\/span><\/p>\n<p style=\"text-align: justify;\"><span style=\"color: #888888;\">Para a prepara\u00e7\u00e3o da mat\u00e9ria, a Revista Veja convidou &#8220;22 Historiadores, Economistas, Cientistas Pol\u00edticos, Soci\u00f3logos, M\u00e9dicos e Advogados para ajudarem na elabora\u00e7\u00e3o em quest\u00e3o&#8221;. <\/span><\/p>\n<p style=\"text-align: justify;\"><span style=\"color: #888888;\">Entre as personalidades apontadas estavam \u00a0figuras de nossa hist\u00f3ria como Maur\u00edcio de Nassau (1604\/1679), Padre Manoel da N\u00f3brega (1517\/1570), Frei Caneca (1779\/1825), Jos\u00e9 Bonif\u00e1cio (1763\/1838), Duque de Caxias (1803\/1880), Diogo Feij\u00f3 (1784\/1843), D Jo\u00e3o VI (1767\/1826), Floriano Peixoto (1839\/1895), D Pedro II (1825\/1891), Maria Quit\u00e9ria (1792\/1853), D Pedro I (1798\/1934), Vital Brasil (1865\/1950), Visconde de Mau\u00e1 (1813\/1889), C\u00e2ndido Rondon (1865\/1958), Carlos Chagas (1878\/1934), Prudente de Moraes (1841\/1902), Campos Sales (1841\/1913), Gilberto Freire (1900\/1987), Juscelino Kubitschek de Oliveira (1902\/1976), Bar\u00e3o do Rio Branco (1845\/1912), S\u00e9rgio Buarque de Holanda (1902\/1982), San Tiago Dantas (1911\/1964), Princesa Isabel (1846\/1921), Oswaldo Cruz (1872\/1907) e o <strong><em>carangolense Victor Nunes Leal (1914\/1985)<\/em><\/strong>.<\/span><\/p>\n<p style=\"text-align: justify;\"><span style=\"color: #888888;\">Nascido em Alvorada, Victor Nunes Leal foi Ministro do Supremo Tribunal Federal em 1960, tendo tamb\u00e9m passado por diversos cargos p\u00fablicos durante o governo do seu particular amigo, Presidente Juscelino Kubitschek.<\/span><\/p>\n<p style=\"text-align: justify;\"><span style=\"color: #888888;\">O Ministro Victor Nunes Leal, entre as v\u00e1rias atua\u00e7\u00f5es e contribui\u00e7\u00f5es que teve no mundo jur\u00eddico, destacam-se a sistematiza\u00e7\u00e3o e a racionaliza\u00e7\u00e3o das decis\u00f5es do Supremo Tribunal Federal, segundo narra no texto, Oscar Vilhena Vieira, que tamb\u00e9m destaca que &#8220;o objetivo do Jurista era criar padr\u00f5es mais elaborados de trabalho e ampliar a transpar\u00eancia do Tribunal&#8221;.<\/span><\/p>\n<p style=\"text-align: justify;\"><span style=\"color: #888888;\">Oscar Vilhena destaca que o Ministro Victor Nunes Leal &#8220;legou ainda senten\u00e7as hist\u00f3ricas em defesa da liberdade e da democracia, antes de ser for\u00e7ado a se aposentar pelo AI 5&#8221;.<\/span><\/p>\n<p style=\"text-align: justify;\"><span style=\"color: #888888;\">Victor Nunes Leal foi autor de um livro que se tornou cl\u00e1ssico sobre o sistema pol\u00edtico brasileiro, livro este inspirado em sua viv\u00eancia em Alvorada e Carangola e em seu conhecimento sobre a pol\u00edtica que imperava na regi\u00e3o, e que recebeu o t\u00edtulo de &#8220;Coronelismo, Enxada e Voto&#8221;, publicado em 1948. Na obra, o Ministro critica a pol\u00edtica de troca de favores entre chefes locais e os Governos Estaduais e Federal. Este modelo, baseado no nepotismo, na compra de apoio entre Parlamentares e no voto de cabresto, continua presente na pol\u00edtica nacional, nos lembra o autor do texto, Oscar Vilhena Vieira.<\/span><\/p>\n<p style=\"text-align: justify;\"><span style=\"color: #888888;\">A revista Veja, em seu coment\u00e1rio, destaca que Victor Nunes Leal &#8220;ficaria desapontado ao tomar conhecimento de esc\u00e2ndalos como o mensal\u00e3o e a falta de consequ\u00eancias para os envolvidos&#8221;.<\/span><\/p>\n<p style=\"text-align: justify;\"><span style=\"color: #888888;\">O que a revista desconhece \u00e9 que a admira\u00e7\u00e3o do Presidente Juscelino Kubistchek era tanta pelo Ministro Victor Nunes Leal que, ao construir Bras\u00edlia, Juscelino deu o nome ao Pal\u00e1cio da Alvorada em homenagem ao seu amigo nascido no distrito de Alvorada, em Carangola, Minas Gerais.<\/span><\/p>\n<p style=\"text-align: justify;\"><span style=\"color: #888888;\">Como pode ser verificado pelos nomes as 50 personalidades que marcaram a hist\u00f3ria do Brasil, Carangola sempre se fez presente na vida de Minas e do Pa\u00eds e Victor Nunes Leal \u00e9 um exemplo disso, e como ele, outros tantos carangolenses destacaram-se e destacam-se ainda hoje na hist\u00f3ria do nosso Pa\u00eds.<\/span><\/p>\n<p style=\"text-align: justify;\"><span style=\"color: #888888;\">A \u00fanica coisa que se lamenta \u00e9 que passados 64 anos depois que o grande jurista Victor Nunes Leal escreveu o seu livro, ainda hoje, em sua terra natal, a pol\u00edtica continua seguindo o perfil ideol\u00f3gico e retr\u00f3grado dos antigos coron\u00e9is e aliciadores de votos cujo \u00fanico fim \u00e9 o poder e n\u00e3o o bem estar de sua terra e de sua gente. Com informa\u00e7\u00f5es do Folha da Mata.<\/span><\/p>\n<p style=\"text-align: justify;\"><strong><span style=\"color: #888888;\">Por: Click Carangola<\/span><\/strong><\/p>\n","protected":false},"excerpt":{"rendered":"<p>Durante a retrospectiva de 2011, a revista Veja, em sua Edi\u00e7\u00e3o n\u00ba 2.249, trouxe uma mat\u00e9ria falando sobre a hist\u00f3ria do Brasil, onde destacou os &#8220;50 grandes nomes do passado e seu legado para o Brasil atual&#8221;. A mat\u00e9ria foi assinada pelos Jornalistas Diogo Schelp e J\u00falia Carvalho. No texto, os autores lembram a import\u00e2ncia [&hellip;]<\/p>\n","protected":false},"author":2,"featured_media":0,"comment_status":"open","ping_status":"open","sticky":false,"template":"","format":"standard","meta":{"footnotes":""},"categories":[37],"tags":[],"class_list":["post-4623","post","type-post","status-publish","format-standard","hentry","category-carangola-mg"],"_links":{"self":[{"href":"https:\/\/clickcarangola.com.br\/site\/wp-json\/wp\/v2\/posts\/4623","targetHints":{"allow":["GET"]}}],"collection":[{"href":"https:\/\/clickcarangola.com.br\/site\/wp-json\/wp\/v2\/posts"}],"about":[{"href":"https:\/\/clickcarangola.com.br\/site\/wp-json\/wp\/v2\/types\/post"}],"author":[{"embeddable":true,"href":"https:\/\/clickcarangola.com.br\/site\/wp-json\/wp\/v2\/users\/2"}],"replies":[{"embeddable":true,"href":"https:\/\/clickcarangola.com.br\/site\/wp-json\/wp\/v2\/comments?post=4623"}],"version-history":[{"count":3,"href":"https:\/\/clickcarangola.com.br\/site\/wp-json\/wp\/v2\/posts\/4623\/revisions"}],"predecessor-version":[{"id":4625,"href":"https:\/\/clickcarangola.com.br\/site\/wp-json\/wp\/v2\/posts\/4623\/revisions\/4625"}],"wp:attachment":[{"href":"https:\/\/clickcarangola.com.br\/site\/wp-json\/wp\/v2\/media?parent=4623"}],"wp:term":[{"taxonomy":"category","embeddable":true,"href":"https:\/\/clickcarangola.com.br\/site\/wp-json\/wp\/v2\/categories?post=4623"},{"taxonomy":"post_tag","embeddable":true,"href":"https:\/\/clickcarangola.com.br\/site\/wp-json\/wp\/v2\/tags?post=4623"}],"curies":[{"name":"wp","href":"https:\/\/api.w.org\/{rel}","templated":true}]}}