{"id":4627,"date":"2012-03-30T15:00:01","date_gmt":"2012-03-30T18:00:01","guid":{"rendered":"https:\/\/clickcarangola.com.br\/site\/?p=4627"},"modified":"2012-03-30T16:40:00","modified_gmt":"2012-03-30T19:40:00","slug":"taxistas-fazem-carreata-solicitando-permanencia-do-numero-de-taxis-em-carangola","status":"publish","type":"post","link":"https:\/\/clickcarangola.com.br\/site\/30\/03\/2012\/taxistas-fazem-carreata-solicitando-permanencia-do-numero-de-taxis-em-carangola\/","title":{"rendered":"Taxistas fazem carreata solicitando perman\u00eancia do n\u00famero de taxis em Carangola"},"content":{"rendered":"<p style=\"text-align: justify;\"><img loading=\"lazy\" decoding=\"async\" class=\"alignleft\" src=\"https:\/\/1.bp.blogspot.com\/-BdRJe1_RLKA\/T3UW9GXMzkI\/AAAAAAAABBI\/wTTiQVVKRH4\/s320\/P%C3%A1g+1+foto+8.JPG\" border=\"0\" alt=\"\" width=\"300\" height=\"226\" \/><span style=\"color: #888888;\">O Minist\u00e9rio P\u00fablico de Carangola, atrav\u00e9s do Promotor de Justi\u00e7a S\u00edlvio Jos\u00e9 Marques Landim, prop\u00f4s, no dia 1\u00ba de mar\u00e7o, uma A\u00e7\u00e3o Civil P\u00fablica de responsabilidade \u00a0contra o ex-Prefeito Fernando de Souza Costa, o ex-vice-Prefeito Lauro Rog\u00e9rio Murer e o Prefeito Patrick Drumond em raz\u00e3o de cartas ap\u00f3crifas encaminhadas \u00e0 2\u00aa Promotoria de Justi\u00e7a da Comarca &#8220;noticiando diversas irregularidades no que tange \u00e0 outorga da concess\u00e3o do servi\u00e7o de transporte individual de passageiros (taxis)&#8221;.<!--more--><\/span><\/p>\n<p style=\"text-align: justify;\"><span style=\"color: #888888;\">Por outro lado, em seu despacho, a Ju\u00edza Fabiana Cristina Cunha de Lima Brum determinou ao Munic\u00edpio que, no prazo de 60 dias, apresente nos autos estudo detalhado sobre o n\u00famero de concess\u00f5es necess\u00e1rias para atender ao Munic\u00edpio de Carangola.<\/span><\/p>\n<p style=\"text-align: justify;\"><span style=\"color: #888888;\">Face \u00e0 a\u00e7\u00e3o do Promotor e o despacho da Ju\u00edza, dezenas de taxistas realizaram uma carreata no dia 23 que culminou em uma reuni\u00e3o na C\u00e2mara Municipal, onde pediram que o assunto fosse estudado sob os olhos da necessidade do Munic\u00edpio.<\/span><\/p>\n<p style=\"text-align: justify;\"><span style=\"color: #888888;\">O Presidente da Associa\u00e7\u00e3o dos Taxistas de Carangola e Regi\u00e3o, Sanderson Souza Ribeiro, disse que a Prefeitura realizou um cadastramento e que, dos 119 registros, 89 foram recadastrados, o que representa uma significativa redu\u00e7\u00e3o. Para ele a situa\u00e7\u00e3o trouxe forte apreens\u00e3o para os taxistas &#8220;muitos dos quais ainda est\u00e3o pagando seus ve\u00edculos, n\u00e3o tem outra fonte de renda e necessitam dos taxis para manter suas fam\u00edlias&#8221;.<\/span><\/p>\n<p style=\"text-align: justify;\"><span style=\"color: #888888;\">Sanderson disse ainda que apesar de Carangola ter cerca de 32 mil habitantes, h\u00e1 um fluxo de pessoas que buscam seus Hospitais, Faculdades e o com\u00e9rcio, que praticamente dobra essa popula\u00e7\u00e3o. Al\u00e9m do mais, argumenta que os taxis funcionam 24 horas por dia, ou seja, em tr\u00eas turnos de 8 horas, o que, segundo ele, torna-se compat\u00edvel ao n\u00famero de ve\u00edculos cadastrados.<\/span><\/p>\n<p style=\"text-align: justify;\"><span style=\"color: #888888;\">Face \u00e0 medida do MP, propriet\u00e1rios de farm\u00e1cias, de trailers e com\u00e9rcio ambulante em Carangola j\u00e1 temem que a\u00e7\u00f5es tamb\u00e9m venham a atingi-los. Com informa\u00e7\u00f5es do Folha da Mata.<\/span><\/p>\n<p style=\"text-align: justify;\"><strong><span style=\"color: #888888;\">Por: Click Carangola<\/span><\/strong><\/p>\n","protected":false},"excerpt":{"rendered":"<p>O Minist\u00e9rio P\u00fablico de Carangola, atrav\u00e9s do Promotor de Justi\u00e7a S\u00edlvio Jos\u00e9 Marques Landim, prop\u00f4s, no dia 1\u00ba de mar\u00e7o, uma A\u00e7\u00e3o Civil P\u00fablica de responsabilidade \u00a0contra o ex-Prefeito Fernando de Souza Costa, o ex-vice-Prefeito Lauro Rog\u00e9rio Murer e o Prefeito Patrick Drumond em raz\u00e3o de cartas ap\u00f3crifas encaminhadas \u00e0 2\u00aa Promotoria de Justi\u00e7a da [&hellip;]<\/p>\n","protected":false},"author":2,"featured_media":0,"comment_status":"open","ping_status":"open","sticky":false,"template":"","format":"standard","meta":{"footnotes":""},"categories":[37],"tags":[],"class_list":["post-4627","post","type-post","status-publish","format-standard","hentry","category-carangola-mg"],"_links":{"self":[{"href":"https:\/\/clickcarangola.com.br\/site\/wp-json\/wp\/v2\/posts\/4627","targetHints":{"allow":["GET"]}}],"collection":[{"href":"https:\/\/clickcarangola.com.br\/site\/wp-json\/wp\/v2\/posts"}],"about":[{"href":"https:\/\/clickcarangola.com.br\/site\/wp-json\/wp\/v2\/types\/post"}],"author":[{"embeddable":true,"href":"https:\/\/clickcarangola.com.br\/site\/wp-json\/wp\/v2\/users\/2"}],"replies":[{"embeddable":true,"href":"https:\/\/clickcarangola.com.br\/site\/wp-json\/wp\/v2\/comments?post=4627"}],"version-history":[{"count":1,"href":"https:\/\/clickcarangola.com.br\/site\/wp-json\/wp\/v2\/posts\/4627\/revisions"}],"predecessor-version":[{"id":4628,"href":"https:\/\/clickcarangola.com.br\/site\/wp-json\/wp\/v2\/posts\/4627\/revisions\/4628"}],"wp:attachment":[{"href":"https:\/\/clickcarangola.com.br\/site\/wp-json\/wp\/v2\/media?parent=4627"}],"wp:term":[{"taxonomy":"category","embeddable":true,"href":"https:\/\/clickcarangola.com.br\/site\/wp-json\/wp\/v2\/categories?post=4627"},{"taxonomy":"post_tag","embeddable":true,"href":"https:\/\/clickcarangola.com.br\/site\/wp-json\/wp\/v2\/tags?post=4627"}],"curies":[{"name":"wp","href":"https:\/\/api.w.org\/{rel}","templated":true}]}}