{"id":46346,"date":"2022-01-15T08:00:20","date_gmt":"2022-01-15T11:00:20","guid":{"rendered":"https:\/\/clickcarangola.com.br\/site\/?p=46346"},"modified":"2022-01-17T09:45:44","modified_gmt":"2022-01-17T12:45:44","slug":"motorista-fica-ferido-apos-colidir-com-caminhao-na-br-116-vitima-foi-encaminhada-ao-hospital","status":"publish","type":"post","link":"https:\/\/clickcarangola.com.br\/site\/15\/01\/2022\/motorista-fica-ferido-apos-colidir-com-caminhao-na-br-116-vitima-foi-encaminhada-ao-hospital\/","title":{"rendered":"Motorista fica ferido ap\u00f3s colidir com caminh\u00e3o na BR-116; v\u00edtima foi encaminhada ao hospital"},"content":{"rendered":"<p><img loading=\"lazy\" decoding=\"async\" class=\"alignleft\" src=\"https:\/\/clickcarangola.com.br\/site\/wp-content\/uploads\/2022\/01\/Motorista-fica-ferido-01.jpeg\" alt=\"\" width=\"300\" height=\"226\" \/>MIRADOURO \/ FERVEDOURO &#8211; Um motorista ficou ferido, na noite desta sexta-feira (14\/01), ap\u00f3s colidir na lateral de um caminh\u00e3o, na BR-116, entre Miradouro e Fervedouro.<\/p>\n<p>Para a realiza\u00e7\u00e3o do resgate, foram at\u00e9 o local, viaturas do Corpo de Bombeiros (CB 193) e do Servi\u00e7o de Atendimento M\u00f3vel de Urg\u00eancia (SAMU 192).<!--more--><\/p>\n<p>O motorista foi socorrido e levado ao Hospital S\u00e3o Paulo (HSP). A Pol\u00edcia Militar (PM) controlou o tr\u00e2nsito. O motorista do caminh\u00e3o n\u00e3o se feriu.<\/p>\n<p><strong>Confira as imagens:<\/strong><\/p>\n<p><img loading=\"lazy\" decoding=\"async\" src=\"https:\/\/clickcarangola.com.br\/site\/wp-content\/uploads\/2022\/01\/Motorista-fica-ferido-02.jpeg\" alt=\"\" width=\"400\" height=\"300\" \/><br \/>\n<img loading=\"lazy\" decoding=\"async\" src=\"https:\/\/clickcarangola.com.br\/site\/wp-content\/uploads\/2022\/01\/Motorista-fica-ferido-03.jpeg\" alt=\"\" width=\"400\" height=\"300\" \/><br \/>\n<img loading=\"lazy\" decoding=\"async\" src=\"https:\/\/clickcarangola.com.br\/site\/wp-content\/uploads\/2022\/01\/Motorista-fica-ferido-04.jpeg\" alt=\"\" width=\"400\" height=\"300\" \/><\/p>\n<p><strong>Por: Click Carangola<\/strong> | Com informa\u00e7\u00f5es do CB e R\u00e1dio Muria\u00e9.<\/p>\n","protected":false},"excerpt":{"rendered":"<p>MIRADOURO \/ FERVEDOURO &#8211; Um motorista ficou ferido, na noite desta sexta-feira (14\/01), ap\u00f3s colidir na lateral de um caminh\u00e3o, na BR-116, entre Miradouro e Fervedouro. Para a realiza\u00e7\u00e3o do resgate, foram at\u00e9 o local, viaturas do Corpo de Bombeiros (CB 193) e do Servi\u00e7o de Atendimento M\u00f3vel de Urg\u00eancia (SAMU 192).<\/p>\n","protected":false},"author":2,"featured_media":0,"comment_status":"open","ping_status":"open","sticky":false,"template":"","format":"standard","meta":{"footnotes":""},"categories":[47,1],"tags":[],"class_list":["post-46346","post","type-post","status-publish","format-standard","hentry","category-fervedouro-mg","category-regional"],"_links":{"self":[{"href":"https:\/\/clickcarangola.com.br\/site\/wp-json\/wp\/v2\/posts\/46346","targetHints":{"allow":["GET"]}}],"collection":[{"href":"https:\/\/clickcarangola.com.br\/site\/wp-json\/wp\/v2\/posts"}],"about":[{"href":"https:\/\/clickcarangola.com.br\/site\/wp-json\/wp\/v2\/types\/post"}],"author":[{"embeddable":true,"href":"https:\/\/clickcarangola.com.br\/site\/wp-json\/wp\/v2\/users\/2"}],"replies":[{"embeddable":true,"href":"https:\/\/clickcarangola.com.br\/site\/wp-json\/wp\/v2\/comments?post=46346"}],"version-history":[{"count":5,"href":"https:\/\/clickcarangola.com.br\/site\/wp-json\/wp\/v2\/posts\/46346\/revisions"}],"predecessor-version":[{"id":46355,"href":"https:\/\/clickcarangola.com.br\/site\/wp-json\/wp\/v2\/posts\/46346\/revisions\/46355"}],"wp:attachment":[{"href":"https:\/\/clickcarangola.com.br\/site\/wp-json\/wp\/v2\/media?parent=46346"}],"wp:term":[{"taxonomy":"category","embeddable":true,"href":"https:\/\/clickcarangola.com.br\/site\/wp-json\/wp\/v2\/categories?post=46346"},{"taxonomy":"post_tag","embeddable":true,"href":"https:\/\/clickcarangola.com.br\/site\/wp-json\/wp\/v2\/tags?post=46346"}],"curies":[{"name":"wp","href":"https:\/\/api.w.org\/{rel}","templated":true}]}}