{"id":47192,"date":"2022-08-17T21:00:26","date_gmt":"2022-08-18T00:00:26","guid":{"rendered":"https:\/\/clickcarangola.com.br\/site\/?p=47192"},"modified":"2022-08-20T18:21:53","modified_gmt":"2022-08-20T21:21:53","slug":"quadro-de-saude-de-radialista-agredido-em-tombos-mg-evolui-mas-segue-grave","status":"publish","type":"post","link":"https:\/\/clickcarangola.com.br\/site\/17\/08\/2022\/quadro-de-saude-de-radialista-agredido-em-tombos-mg-evolui-mas-segue-grave\/","title":{"rendered":"Quadro de sa\u00fade de radialista agredido em Tombos-MG evolui, mas segue grave"},"content":{"rendered":"<p><img loading=\"lazy\" decoding=\"async\" class=\"alignleft\" src=\"https:\/\/clickcarangola.com.br\/site\/wp-content\/uploads\/2022\/08\/Quadro-de-sa\u00fade-de-Paulo.jpeg\" alt=\"\" width=\"300\" height=\"226\" \/>CARANGOLA &#8211; O radialista esportivo Paulo Barbosa, agredido por dois homens com uma barra de ferro no \u00faltimo domingo (14), em frente \u00e0 casa dele no Bairro Niter\u00f3i, em Tombos-MG, apresentou melhora no quadro cl\u00ednico, mas o estado de sa\u00fade dele permanece grave e est\u00e1vel.<\/p>\n<p>A informa\u00e7\u00e3o foi confirmada ao jornalismo por um dos filhos do narrador de 53 anos, Gentil Alves de Souza Neto.<!--more--><\/p>\n<p class=\"content-text__container \" data-track-category=\"Link no Texto\" data-track-links=\"\">Segundo ele, Paulo Barbosa passou por um exame de imagem nesta quarta-feira (17), um dia ap\u00f3s ser submetido a uma cirurgia neurol\u00f3gica.<\/p>\n<p class=\"content-text__container \" data-track-category=\"Link no Texto\" data-track-links=\"\">Ap\u00f3s o procedimento, familiares disseram que ele foi encaminhado ao Centro de Tratamento Intensivo (CTI) da Casa de Caridade, em Carangola, e reagiu bem ao procedimento cir\u00fargico.<\/p>\n<p class=\"content-text__container \" data-track-category=\"Link no Texto\" data-track-links=\"\">Em nota, a Pol\u00edcia Civil (PC) informou que investiga o caso por meio da 38\u00aa delegacia de Tombos. De acordo com o delegado Jos\u00e9 Geraldo Teixeira J\u00fanior, o inqu\u00e9rito policial j\u00e1 foi instaurado e a apura\u00e7\u00e3o dos fatos segue em andamento.<\/p>\n<p class=\"content-text__container \" data-track-category=\"Link no Texto\" data-track-links=\"\"><strong>Estado de sa\u00fade<\/strong><\/p>\n<p class=\"content-text__container \" data-track-category=\"Link no Texto\" data-track-links=\"\">De acordo com o filho, o locutor esportivo apresentou melhora nos sinais vitais, n\u00e3o precisa de ventila\u00e7\u00e3o mec\u00e2nica para respirar, mas o estado dele \u00e9 considerado grave. &#8220;Ele segue em coma induzido, entubado. Hoje, foi feita uma tomografia que foi bastante favor\u00e1vel \u00e0 recupera\u00e7\u00e3o dele. Quadro continua sendo grave est\u00e1vel&#8221;, informou.<\/p>\n<p class=\"content-text__container \" data-track-category=\"Link no Texto\" data-track-links=\"\">Por meio do contato de Paulo Barbosa em um aplicativo de mensagens, a fam\u00edlia enviou um comunicado, em que resume o estado de sa\u00fade e se diz esperan\u00e7osa com a recupera\u00e7\u00e3o. &#8220;Paulo segue internado na Casa de Caridade de Carangola-MG. Passou por uma cirurgia na segunda-feira, cirurgia foi bem sucedida. Hoje foi realizado (sic) uma tomografia que foi bastante positiva. Quadro ainda segue grave, mas est\u00e1 melhorando gra\u00e7as a Deus. Acreditamos na sua recupera\u00e7\u00e3o completa. E contamos com as ora\u00e7\u00f5es de todos. Agradecemos todo carinho que temos recebido nesse momento dif\u00edcil, mas estamos certos de que em breve ele estar\u00e1 em casa. Fiquem com Deus! Seguimos crendo que tudo est\u00e1 no controle de Deus&#8221;.<\/p>\n<p data-track-category=\"Link no Texto\" data-track-links=\"\"><strong>Agress\u00f5es<\/strong><\/p>\n<p><iframe loading=\"lazy\" style=\"border: none; overflow: hidden;\" src=\"https:\/\/www.facebook.com\/plugins\/video.php?href=https%3A%2F%2Fwww.facebook.com%2Fclick.carangola%2Fvideos%2F633451301476258%2F&amp;show_text=0&amp;width=261\" width=\"261\" height=\"476\" frameborder=\"0\" scrolling=\"no\" allowfullscreen=\"allowfullscreen\"><\/iframe><\/p>\n<p class=\"content-text__container \" data-track-category=\"Link no Texto\" data-track-links=\"\">Conforme a Pol\u00edcia Militar (PM), os autores das agress\u00f5es s\u00e3o dois irm\u00e3os. Em depoimento, <span class=\"highlight highlighted\">o rapaz de 26 anos confessou o crime<\/span> e relatou que foi tirar satisfa\u00e7\u00e3o com Paulo S\u00e9rgio ap\u00f3s ele deixar uma enxada na rua e estacionar o carro na contram\u00e3o. O jovem alegou que a estrutura atrapalhou o tr\u00e2nsito e dificultou o deslocamento enquanto ele andava de carro pela Rua Raul Aguiar Monteiro.<\/p>\n<p class=\"content-text__container \" data-track-category=\"Link no Texto\" data-track-links=\"\">Ao ir tirar satisfa\u00e7\u00e3o com a v\u00edtima sobre a enxada, o jovem contou que o radialista teria investido contra ele. O autor ent\u00e3o foi at\u00e9 a resid\u00eancia dele, pegou um objeto de ferro e partiu para cima do radialista. O irm\u00e3o de 29 anos tamb\u00e9m participou da a\u00e7\u00e3o.<\/p>\n<p class=\"content-text__container \" data-track-category=\"Link no Texto\" data-track-links=\"\">Ainda de acordo com a ocorr\u00eancia, o rapaz explicou que utilizou o objeto para agredir Paulo S\u00e9rgio e para danificar o vidro do carro dele. J\u00e1 o irm\u00e3o arremessou lajotas contra a v\u00edtima e o autom\u00f3vel. Ap\u00f3s as agress\u00f5es, o radialista caiu em um beco e a dupla fugiu. Posteriormente, os irm\u00e3os se apresentaram na sede do pelot\u00e3o da PM em Tombos com um advogado, mas foram liberados.<\/p>\n<p class=\"content-text__container \" data-track-category=\"Link no Texto\" data-track-links=\"\">Uma testemunha contou que viu Paulo S\u00e9rgio desacordado no local. J\u00e1 uma mulher relatou que observou o rapaz mais novo em alta velocidade e que ele chegou a parar o ve\u00edculo perto do radialista para reclamar que o mesmo havia estacionado na contram\u00e3o.<\/p>\n<p><img loading=\"lazy\" decoding=\"async\" src=\"https:\/\/clickcarangola.com.br\/site\/wp-content\/uploads\/2022\/08\/Irm\u00e3os-em-Tombos.jpg\" alt=\"\" width=\"400\" height=\"300\" \/><\/p>\n<p>Irm\u00e3o foram liberados ap\u00f3s prestar depoimento em Tombos.<\/p>\n<p class=\"content-text__container \" data-track-category=\"Link no Texto\" data-track-links=\"\">Paulo S\u00e9rgio foi socorrido para uma unidade de sa\u00fade local inconsciente, mas precisou ser levado para a Casa de Caridade de Carangola. Os m\u00e9dicos constataram fratura no cr\u00e2nio, hemorragia no c\u00e9rebro, escoria\u00e7\u00f5es e hematomas.<\/p>\n<p class=\"content-text__container \" data-track-category=\"Link no Texto\" data-track-links=\"\"><strong>Quem \u00e9 Paulo S\u00e9rgio?<\/strong><\/p>\n<p><img loading=\"lazy\" decoding=\"async\" src=\"https:\/\/clickcarangola.com.br\/site\/wp-content\/uploads\/2022\/08\/Narrador-Paulo-S\u00e9rio-\u00e0-esquerda.jpg\" alt=\"\" width=\"400\" height=\"300\" \/><\/p>\n<p>Narrador Paulo S\u00e9rio \u00e0 esquerda.<\/p>\n<p class=\"content-text__container \" data-track-category=\"Link no Texto\" data-track-links=\"\">Paulo S\u00e9rgio Barbosa \u00e9 narrador h\u00e1 30 anos. H\u00e1 14 trabalha na &#8220;Mais FM&#8221; em Carangola e na &#8220;Tombos Integra\u00e7\u00e3o&#8221;, uma r\u00e1dio on-line criada por ele. O radialista acompanha as partidas do Tombense nas \u00faltimas temporadas, em que o time disputou as s\u00e9ries D, C e B do Brasileir\u00e3o, Copa do Brasil e Campeonato Mineiro.<\/p>\n<p data-track-category=\"Link no Texto\" data-track-links=\"\"><strong>Por: Click Carangola<\/strong> | Com informa\u00e7\u00f5es da PM e G1.<\/p>\n","protected":false},"excerpt":{"rendered":"<p>CARANGOLA &#8211; O radialista esportivo Paulo Barbosa, agredido por dois homens com uma barra de ferro no \u00faltimo domingo (14), em frente \u00e0 casa dele no Bairro Niter\u00f3i, em Tombos-MG, apresentou melhora no quadro cl\u00ednico, mas o estado de sa\u00fade dele permanece grave e est\u00e1vel. A informa\u00e7\u00e3o foi confirmada ao jornalismo por um dos filhos [&hellip;]<\/p>\n","protected":false},"author":2,"featured_media":0,"comment_status":"open","ping_status":"open","sticky":false,"template":"","format":"standard","meta":{"footnotes":""},"categories":[37,56],"tags":[],"class_list":["post-47192","post","type-post","status-publish","format-standard","hentry","category-carangola-mg","category-tombos-mg"],"_links":{"self":[{"href":"https:\/\/clickcarangola.com.br\/site\/wp-json\/wp\/v2\/posts\/47192","targetHints":{"allow":["GET"]}}],"collection":[{"href":"https:\/\/clickcarangola.com.br\/site\/wp-json\/wp\/v2\/posts"}],"about":[{"href":"https:\/\/clickcarangola.com.br\/site\/wp-json\/wp\/v2\/types\/post"}],"author":[{"embeddable":true,"href":"https:\/\/clickcarangola.com.br\/site\/wp-json\/wp\/v2\/users\/2"}],"replies":[{"embeddable":true,"href":"https:\/\/clickcarangola.com.br\/site\/wp-json\/wp\/v2\/comments?post=47192"}],"version-history":[{"count":11,"href":"https:\/\/clickcarangola.com.br\/site\/wp-json\/wp\/v2\/posts\/47192\/revisions"}],"predecessor-version":[{"id":47206,"href":"https:\/\/clickcarangola.com.br\/site\/wp-json\/wp\/v2\/posts\/47192\/revisions\/47206"}],"wp:attachment":[{"href":"https:\/\/clickcarangola.com.br\/site\/wp-json\/wp\/v2\/media?parent=47192"}],"wp:term":[{"taxonomy":"category","embeddable":true,"href":"https:\/\/clickcarangola.com.br\/site\/wp-json\/wp\/v2\/categories?post=47192"},{"taxonomy":"post_tag","embeddable":true,"href":"https:\/\/clickcarangola.com.br\/site\/wp-json\/wp\/v2\/tags?post=47192"}],"curies":[{"name":"wp","href":"https:\/\/api.w.org\/{rel}","templated":true}]}}