{"id":4751,"date":"2012-04-07T21:14:35","date_gmt":"2012-04-08T00:14:35","guid":{"rendered":"https:\/\/clickcarangola.com.br\/site\/?p=4751"},"modified":"2012-04-07T21:25:25","modified_gmt":"2012-04-08T00:25:25","slug":"7-de-abril-dia-do-jornalista","status":"publish","type":"post","link":"https:\/\/clickcarangola.com.br\/site\/07\/04\/2012\/7-de-abril-dia-do-jornalista\/","title":{"rendered":"7 de Abril: Dia do Jornalista"},"content":{"rendered":"<p style=\"text-align: justify;\"><img loading=\"lazy\" decoding=\"async\" class=\"alignleft\" src=\"https:\/\/www.agoravale.com.br\/noticias_fotos\/noticias_742012135542_1.jpg\" alt=\"\" width=\"300\" height=\"226\" \/><span style=\"color: #888888;\">O dia 7 de abril \u00e9 considerado o \u201cDia do Jornalista\u201d em homenagem ao jornalista \u00edtalo-brasileiro Jo\u00e3o Batista L\u00edbero Badar\u00f3. A homenagem partiu da ABI (Associa\u00e7\u00e3o Brasileira de Imprensa), devido ao assassinato de Badar\u00f3 no dia 22 de novembro de 1830, por inimigos da pol\u00edtica. <\/span><span style=\"color: #888888;\">O crime resultou em como\u00e7\u00e3o popular com passeatas de estudante pelas ruas de S\u00e3o Paulo, fato que causou uma situa\u00e7\u00e3o insustent\u00e1vel para a perman\u00eancia de D. Pedro I no trono do Brasil.<!--more-->\u00a0<\/span><\/p>\n<div style=\"text-align: justify;\"><span style=\"color: #888888;\">O Imperador abdicaria no dia 7 de abril de 1831. A data passou a ser uma refer\u00eancia ao jornalismo de coragem empreendido por L\u00edbero Badar\u00f3 e consagrou a profiss\u00e3o como o \u201cQuarto Poder\u201d.<\/span><\/div>\n<div style=\"text-align: justify;\"><span style=\"color: #888888;\">\u00a0<\/span><\/div>\n<div style=\"text-align: justify;\"><span style=\"color: #888888;\">Credibilidade e liberdade, palavras simples que significam muito. Credibilidade \u00e9 essencial ao profissional da \u00e1rea. O qu\u00ea? Quem? Onde? Quando? Por qu\u00ea? Como? Perguntas que rondam a cabe\u00e7a do rep\u00f3rter diante do fato. Not\u00edcia n\u00e3o se inventa, apura-se.<\/span><\/div>\n<div style=\"text-align: justify;\"><span style=\"color: #888888;\">\u00a0<\/span><\/div>\n<div style=\"text-align: justify;\"><span style=\"color: #888888;\">A liberdade de express\u00e3o \u00e9 o bem mais precioso e almejado pelo profissional da informa\u00e7\u00e3o. Mesmo com as dificuldades enfrentadas no Brasil dos dias atuais, o cen\u00e1rio j\u00e1 foi bem pior. Em tempos de ditadura, a dificuldade era imensa e a repress\u00e3o, intensa. Dentre as v\u00edtimas do regime, jornalistas foram presos, torturados e mortos. O caso mais emblem\u00e1tico foi o de Vladimir Herzog, encontrado morto em outubro de 1975. O governo da \u00e9poca alegou suic\u00eddio.<\/span><\/div>\n<div style=\"text-align: justify;\"><span style=\"color: #888888;\">\u00a0<\/span><\/div>\n<div style=\"text-align: justify;\"><span style=\"color: #888888;\">Entretanto, os desafios existem. E a tarefa de criticar, informar, difundir id\u00e9ias, desenvolver o debate e promover a reflex\u00e3o tem um papel muito importante na sociedade, que cada vez est\u00e1 mais antenada sobre os mais diversos assuntos.<\/span><\/div>\n<div style=\"text-align: justify;\"><span style=\"color: #888888;\"><br \/>\n<\/span><span style=\"color: #888888;\">A evolu\u00e7\u00e3o de uma sociedade passa pela informa\u00e7\u00e3o!<\/span><\/div>\n<div style=\"text-align: justify;\"><em><span style=\"color: #888888;\">\u00a0<\/span><\/em><\/div>\n<div style=\"text-align: justify;\"><span style=\"color: #888888;\">Parab\u00e9ns a todos os profissionais!<\/span><\/div>\n<div style=\"text-align: justify;\"><span style=\"color: #888888;\">\u00a0<\/span><\/div>\n<div style=\"text-align: justify;\"><strong><span style=\"color: #888888;\">Por: Click Carangola<\/span><\/strong><\/div>\n<div style=\"text-align: justify;\"><strong><span style=\"color: #888888;\">\u00a0<\/span><\/strong><\/div>\n","protected":false},"excerpt":{"rendered":"<p>O dia 7 de abril \u00e9 considerado o \u201cDia do Jornalista\u201d em homenagem ao jornalista \u00edtalo-brasileiro Jo\u00e3o Batista L\u00edbero Badar\u00f3. A homenagem partiu da ABI (Associa\u00e7\u00e3o Brasileira de Imprensa), devido ao assassinato de Badar\u00f3 no dia 22 de novembro de 1830, por inimigos da pol\u00edtica. O crime resultou em como\u00e7\u00e3o popular com passeatas de estudante [&hellip;]<\/p>\n","protected":false},"author":2,"featured_media":0,"comment_status":"open","ping_status":"open","sticky":false,"template":"","format":"standard","meta":{"footnotes":""},"categories":[32],"tags":[],"class_list":["post-4751","post","type-post","status-publish","format-standard","hentry","category-destaque-principal"],"_links":{"self":[{"href":"https:\/\/clickcarangola.com.br\/site\/wp-json\/wp\/v2\/posts\/4751","targetHints":{"allow":["GET"]}}],"collection":[{"href":"https:\/\/clickcarangola.com.br\/site\/wp-json\/wp\/v2\/posts"}],"about":[{"href":"https:\/\/clickcarangola.com.br\/site\/wp-json\/wp\/v2\/types\/post"}],"author":[{"embeddable":true,"href":"https:\/\/clickcarangola.com.br\/site\/wp-json\/wp\/v2\/users\/2"}],"replies":[{"embeddable":true,"href":"https:\/\/clickcarangola.com.br\/site\/wp-json\/wp\/v2\/comments?post=4751"}],"version-history":[{"count":7,"href":"https:\/\/clickcarangola.com.br\/site\/wp-json\/wp\/v2\/posts\/4751\/revisions"}],"predecessor-version":[{"id":4759,"href":"https:\/\/clickcarangola.com.br\/site\/wp-json\/wp\/v2\/posts\/4751\/revisions\/4759"}],"wp:attachment":[{"href":"https:\/\/clickcarangola.com.br\/site\/wp-json\/wp\/v2\/media?parent=4751"}],"wp:term":[{"taxonomy":"category","embeddable":true,"href":"https:\/\/clickcarangola.com.br\/site\/wp-json\/wp\/v2\/categories?post=4751"},{"taxonomy":"post_tag","embeddable":true,"href":"https:\/\/clickcarangola.com.br\/site\/wp-json\/wp\/v2\/tags?post=4751"}],"curies":[{"name":"wp","href":"https:\/\/api.w.org\/{rel}","templated":true}]}}