{"id":47638,"date":"2022-12-27T08:00:30","date_gmt":"2022-12-27T11:00:30","guid":{"rendered":"https:\/\/clickcarangola.com.br\/site\/?p=47638"},"modified":"2022-12-28T10:57:20","modified_gmt":"2022-12-28T13:57:20","slug":"idoso-de-72-anos-morre-atropelado-na-br-116-chovia-forte-no-momento-do-acidente","status":"publish","type":"post","link":"https:\/\/clickcarangola.com.br\/site\/27\/12\/2022\/idoso-de-72-anos-morre-atropelado-na-br-116-chovia-forte-no-momento-do-acidente\/","title":{"rendered":"Idoso de 72 anos morre atropelado na BR-116; chovia forte no momento do acidente"},"content":{"rendered":"<p><img loading=\"lazy\" decoding=\"async\" class=\"alignleft\" src=\"https:\/\/clickcarangola.com.br\/site\/wp-content\/uploads\/2022\/12\/Idoso-de-72-anos-na-116-01.jpeg\" alt=\"\" width=\"300\" height=\"226\" \/>DIVINO &#8211; Um idoso de 72 anos morreu ao ser atropelado por um carro na noite desta segunda-feira (26), na rodovia BR-116, em Divino &#8211; a cerca de 25 km de Carangola.<\/p>\n<p>Segundo a Pol\u00edcia Rodovi\u00e1ria Federal (PRF), o atropelamento foi registrado no km 633,9, em um local com cruzamento de acesso \u00e0 comunidade de Neblina.<!--more--><\/p>\n<p><span style=\"font-size: 1.0625rem;\">Ainda conforme a corpora\u00e7\u00e3o <\/span><span class=\"highlight highlighted\" style=\"font-size: 1.0625rem;\">chovia forte no momento do acidente e o motorista do ve\u00edculo teria 24 anos<\/span><span style=\"font-size: 1.0625rem;\">. N\u00e3o foi informado se ele chegou a ser detido e como foi a din\u00e2mica da ocorr\u00eancia.<\/span><\/p>\n<p><span style=\"font-size: 1.0625rem;\">O\u00a0<\/span><span class=\"highlight highlighted\" style=\"font-size: 1.0625rem;\">corpo da v\u00edtima foi encaminhado ao Instituto M\u00e9dico Legal (IML)<\/span><span style=\"font-size: 1.0625rem;\">. N\u00e3o houve interdi\u00e7\u00e3o do tr\u00e2nsito no local, que foi devidamente sinalizado com cones.<\/span><\/p>\n<p><strong>Confira as imagens:<\/strong><\/p>\n<p><img loading=\"lazy\" decoding=\"async\" src=\"https:\/\/clickcarangola.com.br\/site\/wp-content\/uploads\/2022\/12\/Idoso-de-72-anos-na-116-02.jpeg\" alt=\"\" width=\"400\" height=\"300\" \/><\/p>\n<p><strong>Por: Click Carangola<\/strong> | Com informa\u00e7\u00f5es da PRF.<\/p>\n","protected":false},"excerpt":{"rendered":"<p>DIVINO &#8211; Um idoso de 72 anos morreu ao ser atropelado por um carro na noite desta segunda-feira (26), na rodovia BR-116, em Divino &#8211; a cerca de 25 km de Carangola. Segundo a Pol\u00edcia Rodovi\u00e1ria Federal (PRF), o atropelamento foi registrado no km 633,9, em um local com cruzamento de acesso \u00e0 comunidade de [&hellip;]<\/p>\n","protected":false},"author":2,"featured_media":0,"comment_status":"open","ping_status":"open","sticky":false,"template":"","format":"standard","meta":{"footnotes":""},"categories":[43],"tags":[],"class_list":["post-47638","post","type-post","status-publish","format-standard","hentry","category-divino-mg"],"_links":{"self":[{"href":"https:\/\/clickcarangola.com.br\/site\/wp-json\/wp\/v2\/posts\/47638","targetHints":{"allow":["GET"]}}],"collection":[{"href":"https:\/\/clickcarangola.com.br\/site\/wp-json\/wp\/v2\/posts"}],"about":[{"href":"https:\/\/clickcarangola.com.br\/site\/wp-json\/wp\/v2\/types\/post"}],"author":[{"embeddable":true,"href":"https:\/\/clickcarangola.com.br\/site\/wp-json\/wp\/v2\/users\/2"}],"replies":[{"embeddable":true,"href":"https:\/\/clickcarangola.com.br\/site\/wp-json\/wp\/v2\/comments?post=47638"}],"version-history":[{"count":10,"href":"https:\/\/clickcarangola.com.br\/site\/wp-json\/wp\/v2\/posts\/47638\/revisions"}],"predecessor-version":[{"id":47650,"href":"https:\/\/clickcarangola.com.br\/site\/wp-json\/wp\/v2\/posts\/47638\/revisions\/47650"}],"wp:attachment":[{"href":"https:\/\/clickcarangola.com.br\/site\/wp-json\/wp\/v2\/media?parent=47638"}],"wp:term":[{"taxonomy":"category","embeddable":true,"href":"https:\/\/clickcarangola.com.br\/site\/wp-json\/wp\/v2\/categories?post=47638"},{"taxonomy":"post_tag","embeddable":true,"href":"https:\/\/clickcarangola.com.br\/site\/wp-json\/wp\/v2\/tags?post=47638"}],"curies":[{"name":"wp","href":"https:\/\/api.w.org\/{rel}","templated":true}]}}